{"id":3652,"date":"2018-11-17T01:54:47","date_gmt":"2018-11-17T05:54:47","guid":{"rendered":"http:\/\/www.notaoficial.com\/s\/?p=3652"},"modified":"2018-11-16T21:02:11","modified_gmt":"2018-11-17T01:02:11","slug":"la-manzana-es-un-superalimento-para-la-salud","status":"publish","type":"post","link":"https:\/\/www.notaoficial.com\/s\/2018\/11\/17\/la-manzana-es-un-superalimento-para-la-salud\/","title":{"rendered":"La manzana es un \u201csuperalimento\u201d para la salud"},"content":{"rendered":"<p>La manzana es la segunda fruta m\u00e1s consumida en el mundo, despu\u00e9s del cambur o banano, y ha sido cultivada desde la Antig\u00fcedad, siendo considerada un \u201csuperalimento\u201d debido a que posee gran cantidad de vitaminas (C, B1, B2, B9 y E), adem\u00e1s de minerales y nutrientes necesarios para el buen funcionamiento del organismo.<\/p>\n<p>Proveniente de un \u00e1rbol de la familia de las ros\u00e1ceas, originario de las monta\u00f1as de Tian Shan (que es una zona l\u00edmite entre China, Kazajist\u00e1n y Kirguist\u00e1n), lleg\u00f3 a Am\u00e9rica en el siglo XVI de mano de los conquistadores espa\u00f1oles, y luego se extendi\u00f3 hasta \u00c1frica y Australia.<\/p>\n<p>Tiene sabor agradable y 85% de su composici\u00f3n es agua, lo que le permite aportar beneficios extras a la salud, sin agregados ni procesos. Actualmente existen entre 5 mil y 20 mil variedades de este comestible distribuidos en las regiones templadas de todo el mundo,\u00a0 de diferentes colores y sabores, aunque no todas son comercializadas.<\/p>\n<p>Seg\u00fan un viejo proverbio ingl\u00e9s, \u201cuna manzana al d\u00eda mantiene alejado al m\u00e9dico\u201d. Su validez ha resistido el paso del tiempo porque son muchas las bondades que ofrece esta fruta al organismo: es diur\u00e9tica y depurativa, tiene valores sedantes y anticancer\u00edgenos.<\/p>\n<p>Gracias a sus propiedades y m\u00faltiples beneficios para la salud, Industrias Maros C.A, a trav\u00e9s de su marca Natulac\u00ae, la usa para la elaboraci\u00f3n de su n\u00e9ctar de manzana, pues adem\u00e1s de su delicioso sabor, ayuda a evitar el estre\u00f1imiento y otros malestares estomacales (por su contenido de fibra), reduce el \u00e1cido \u00farico y el colesterol, favoreciendo la salud del sistema cardiovascular.<\/p>\n<p>Tambi\u00e9n es antioxidante, lo que le permite eliminar los radicales libres que se depositan en los \u00f3rganos, mejora la memoria y otras actividades cerebrales, regula los niveles de az\u00facar en la sangre, quita el mal aliento, combate el insomnio, y facilita la absorci\u00f3n del calcio.<\/p>\n<p>Los consumidores pueden disfrutar de las distintas presentaciones (botellas moldeadas de vidrio de 250 cc y 1000 cc,\u00a0 y envases de aluminio (latas) de 340 cc). Tambi\u00e9n est\u00e1 disponible en Tetra Classic de 150 cm3, Tetra Prisma de 250 cm3, en grupos de 3 unidades; y Tetra Brik de 1 litro, para consumos fraccionados. Estas presentaciones con altos est\u00e1ndares de calidad son libres de aditivos y colorantes.<\/p>\n","protected":false},"excerpt":{"rendered":"<p>La manzana es la segunda fruta m\u00e1s consumida en el mundo, despu\u00e9s del cambur o banano, y ha sido cultivada desde la Antig\u00fcedad, siendo considerada un \u201csuperalimento\u201d debido a que posee gran cantidad de vitaminas (C, B1, B2, B9 y E), adem\u00e1s de minerales y nutrientes necesarios para el buen funcionamiento del organismo. Proveniente de [&hellip;]<\/p>\n","protected":false},"author":2,"featured_media":3653,"comment_status":"closed","ping_status":"open","sticky":false,"template":"","format":"standard","meta":[],"categories":[93,1156,2],"tags":[1563,1114,2001,3790,3791,1165,3793,3792],"wppr_data":[],"_links":{"self":[{"href":"https:\/\/www.notaoficial.com\/s\/wp-json\/wp\/v2\/posts\/3652"}],"collection":[{"href":"https:\/\/www.notaoficial.com\/s\/wp-json\/wp\/v2\/posts"}],"about":[{"href":"https:\/\/www.notaoficial.com\/s\/wp-json\/wp\/v2\/types\/post"}],"author":[{"embeddable":true,"href":"https:\/\/www.notaoficial.com\/s\/wp-json\/wp\/v2\/users\/2"}],"replies":[{"embeddable":true,"href":"https:\/\/www.notaoficial.com\/s\/wp-json\/wp\/v2\/comments?post=3652"}],"version-history":[{"count":1,"href":"https:\/\/www.notaoficial.com\/s\/wp-json\/wp\/v2\/posts\/3652\/revisions"}],"predecessor-version":[{"id":3654,"href":"https:\/\/www.notaoficial.com\/s\/wp-json\/wp\/v2\/posts\/3652\/revisions\/3654"}],"wp:featuredmedia":[{"embeddable":true,"href":"https:\/\/www.notaoficial.com\/s\/wp-json\/wp\/v2\/media\/3653"}],"wp:attachment":[{"href":"https:\/\/www.notaoficial.com\/s\/wp-json\/wp\/v2\/media?parent=3652"}],"wp:term":[{"taxonomy":"category","embeddable":true,"href":"https:\/\/www.notaoficial.com\/s\/wp-json\/wp\/v2\/categories?post=3652"},{"taxonomy":"post_tag","embeddable":true,"href":"https:\/\/www.notaoficial.com\/s\/wp-json\/wp\/v2\/tags?post=3652"}],"curies":[{"name":"wp","href":"https:\/\/api.w.org\/{rel}","templated":true}]}}