{"id":3678,"date":"2018-11-18T21:15:02","date_gmt":"2018-11-19T01:15:02","guid":{"rendered":"http:\/\/www.notaoficial.com\/s\/?p=3678"},"modified":"2018-11-18T19:21:03","modified_gmt":"2018-11-18T23:21:03","slug":"ya-esta-disponible-el-video-de-tristemente-celebre-de-el-tuyero-ilustrado","status":"publish","type":"post","link":"https:\/\/www.notaoficial.com\/s\/2018\/11\/18\/ya-esta-disponible-el-video-de-tristemente-celebre-de-el-tuyero-ilustrado\/","title":{"rendered":"Ya est\u00e1 disponible el video de \u201cTristemente C\u00e9lebre\u201d de El Tuyero Ilustrado"},"content":{"rendered":"<p dir=\"ltr\">El Tuyero Ilustrado, proyecto musical liderado por el cuatrista Edward Ram\u00edrez y el cantautor Rafael Pino lanz\u00f3 el video de su tema \u201cTristemente C\u00e9lebre\u201d a trav\u00e9s del canal de Youtube del Laboratorio Audiovisual LA.VT.<\/p>\n<div>La pieza audiovisual fue grabada en la ciudad de Bogot\u00e1, y forma parte de la serie Parche Sessions.<\/div>\n<div>\nEl tema con letra de Rafael Pino y m\u00fasica de Edward Ram\u00edrez y relata la historia real de Nereo Pacheco, cabo de presos que durante la dictadura de Juan Vicente G\u00f3mez se desempe\u00f1\u00f3 como torturador de presos pol\u00edticos en la famosa c\u00e1rcel La Rotunda y busca transmitir la importancia de la libertad de expresi\u00f3n y la integridad en tiempos dif\u00edciles.<\/div>\n<div>\nEl Tuyero Ilustrado se ha abierto paso en el gusto del p\u00fablico latinoamericano con constancia, talento y un disco que les ha valido varios reconocimientos, entre ellos una nominaci\u00f3n al Grammy Latino 2017, a los que asistieron como representantes de la m\u00fasica venezolana, y el premio como Mejor Artista de M\u00fasica Tradicional en la m\u00e1s reciente edici\u00f3n de los Premios Pepsi Music.<\/div>\n<p dir=\"ltr\">En el 2016, Edward en el cuatro y Rafael con su voz y maracas, convocaron a un grupo de talentosos m\u00fasicos e ingenieros para que formaran parte de su primer disco, entre ellos Aquiles B\u00e1ez, Pablo Gil, Betsayda Machado, Marcial Ist\u00fariz, Luis Julio Toro, Horacio Blanco y Jhoabeat, quienes se dieron cita en el Paraninfo de la Universidad Metropolitana de Caracas y grabaron un disco compuesto a cuatro manos, con letras de Pino que conquistaron al p\u00fablico como \u201cClaro de Luna\u201d, \u201cMalvada M\u00eda\u201d y \u201cCarta en Rima a Carolina\u201d.<\/p>\n<p dir=\"ltr\">Desde entonces, han viajado por m\u00e1s de 25 ciudades como Seattle, Nueva York, Chicago, Miami, Panam\u00e1, Barcelona, Madrid, Par\u00eds, Luxemburgo, Bruselas, Houston, Bogot\u00e1, Medell\u00edn, Buenos Aires, Porto Alegre, Atlanta, Hamburgo y D\u00fcsseldorf. En todos los escenarios han tenido como objetivo llevar con respeto y originalidad un g\u00e9nero tradicional que ha sido el combustible para fiestas y bailes desde hace muchos a\u00f1os y que se mantiene vivo y vigente en la cultura venezolana, demostrando la avidez del p\u00fablico por nuevas canciones con contenido y un sonido propio. Actualmente su segundo disco se encuentra en la fase creativa para ser producido pronto. En este segundo material, Edward y Rafael siguen en la b\u00fasqueda de darle universalidad al joropo con nuevos temas, resultado de sus viajes, conciertos y vivencias fuera de Venezuela.<\/p>\n<p><strong>Sobre La VT <\/strong><\/p>\n<div>La VT es un laboratorio de producci\u00f3n audiovisual radicado en la ciudad de Bogot\u00e1, Colombia; en el que se re\u00fanen creativos y realizadores de distintas disciplinas para la planificaci\u00f3n y el desarrollo de proyectos art\u00edsticos con enfoque cinematogr\u00e1fico, teniendo como objetivos principales la relevancia del contenido y la visibilizaci\u00f3n de obras originales y vanguardistas, adem\u00e1s de enfocarse en la pedagog\u00eda como preservaci\u00f3n y mejoramiento de conocimientos.\u00a8<\/div>\n<p dir=\"ltr\">El video de \u201cTristemente C\u00e9lebre\u201d ya est\u00e1 disponible en el canal de Youtube del Laboratorio Audiovisual LA.VT. \u00a0Disfr\u00fatalo <a href=\"https:\/\/twitter.us7.list-manage.com\/track\/click?u=41d8ac9773e85dcfa8e59c4e5&amp;id=e7e0ebba53&amp;e=49b2d9fe8b\" target=\"_blank\" rel=\"noopener\" data-saferedirecturl=\"https:\/\/www.google.com\/url?q=https:\/\/twitter.us7.list-manage.com\/track\/click?u%3D41d8ac9773e85dcfa8e59c4e5%26id%3De7e0ebba53%26e%3D49b2d9fe8b&amp;source=gmail&amp;ust=1542668576245000&amp;usg=AFQjCNFdEl8NNvrZgGmFeL7M4qwi3G5JtQ\">aqu\u00ed. <\/a><\/p>\n","protected":false},"excerpt":{"rendered":"<p>El Tuyero Ilustrado, proyecto musical liderado por el cuatrista Edward Ram\u00edrez y el cantautor Rafael Pino lanz\u00f3 el video de su tema \u201cTristemente C\u00e9lebre\u201d a trav\u00e9s del canal de Youtube del Laboratorio Audiovisual LA.VT. La pieza audiovisual fue grabada en la ciudad de Bogot\u00e1, y forma parte de la serie Parche Sessions. El tema con [&hellip;]<\/p>\n","protected":false},"author":2,"featured_media":3679,"comment_status":"closed","ping_status":"open","sticky":false,"template":"","format":"standard","meta":[],"categories":[146],"tags":[2795,2247,3852,3492,355,3854,207,3733,3857,3840,3836,3843,3856,3848,2427,3849,3841,3837,3847,3853,1204,3846,1083,249,3842,353,3845,86,3838,1075,3855,3844,3839,3851,3850,2398],"wppr_data":[],"_links":{"self":[{"href":"https:\/\/www.notaoficial.com\/s\/wp-json\/wp\/v2\/posts\/3678"}],"collection":[{"href":"https:\/\/www.notaoficial.com\/s\/wp-json\/wp\/v2\/posts"}],"about":[{"href":"https:\/\/www.notaoficial.com\/s\/wp-json\/wp\/v2\/types\/post"}],"author":[{"embeddable":true,"href":"https:\/\/www.notaoficial.com\/s\/wp-json\/wp\/v2\/users\/2"}],"replies":[{"embeddable":true,"href":"https:\/\/www.notaoficial.com\/s\/wp-json\/wp\/v2\/comments?post=3678"}],"version-history":[{"count":1,"href":"https:\/\/www.notaoficial.com\/s\/wp-json\/wp\/v2\/posts\/3678\/revisions"}],"predecessor-version":[{"id":3680,"href":"https:\/\/www.notaoficial.com\/s\/wp-json\/wp\/v2\/posts\/3678\/revisions\/3680"}],"wp:featuredmedia":[{"embeddable":true,"href":"https:\/\/www.notaoficial.com\/s\/wp-json\/wp\/v2\/media\/3679"}],"wp:attachment":[{"href":"https:\/\/www.notaoficial.com\/s\/wp-json\/wp\/v2\/media?parent=3678"}],"wp:term":[{"taxonomy":"category","embeddable":true,"href":"https:\/\/www.notaoficial.com\/s\/wp-json\/wp\/v2\/categories?post=3678"},{"taxonomy":"post_tag","embeddable":true,"href":"https:\/\/www.notaoficial.com\/s\/wp-json\/wp\/v2\/tags?post=3678"}],"curies":[{"name":"wp","href":"https:\/\/api.w.org\/{rel}","templated":true}]}}