{"id":3717,"date":"2018-11-21T01:00:22","date_gmt":"2018-11-21T05:00:22","guid":{"rendered":"http:\/\/www.notaoficial.com\/s\/?p=3717"},"modified":"2018-11-20T21:19:34","modified_gmt":"2018-11-21T01:19:34","slug":"la-navidad-respira-en-el-centro-san-ignacio","status":"publish","type":"post","link":"https:\/\/www.notaoficial.com\/s\/2018\/11\/21\/la-navidad-respira-en-el-centro-san-ignacio\/","title":{"rendered":"La navidad respira en el Centro San Ignacio"},"content":{"rendered":"<p>Navidad es sin\u00f3nimo de felicidad, compartir y uni\u00f3n. Con el esp\u00edritu de estas esperadas fiestas ,desde el 21 de noviembre Centro San Ignacio, operado por Fondo de Valores Inmobiliarios (FVI), transformar\u00e1 sus espacios llen\u00e1ndolos de sorpresas y actividades que alegrar\u00e1n el esp\u00edritu de los caraque\u00f1os.<\/p>\n<p>Bajo el concepto: <strong><em>\u201cCSI: Un Bosque de Navidad\u201d<\/em><\/strong> este hermoso complejo se vestir\u00e1 de gala sorprendiendo a sus visitantes con una decoraci\u00f3n m\u00e1gica, llena de color, cargada de pinos y opciones de entretenimiento que lo har\u00e1n el mejor lugar para disfrutar, caminar, comprar regalos o degustar un delicioso chocolate caliente, mientras se aprecia un hermoso \u00e1rbol gigante que se conjuga perfectamente con la majestuosidad de El \u00c1vila.<\/p>\n<p>Ccon el apoyo de nuestros aliados Toyota, Grupo JHS, Tracker GPS y Ron Canaima, diversos personajes sorpresas de tan hermosa festividad engalanar\u00e1n el mall, encabezados por Santa Claus quien estar\u00e1 presente en un espectacular sill\u00f3n donde recibir\u00e1 a los ni\u00f1os que quieran fotografiarse con \u00e9l. Estos personajes de cuentos navide\u00f1os se unir\u00e1n a trav\u00e9s de una gran \u201cParada de Navidad\u201d que deleitar\u00e1 a los presentes. Adem\u00e1s, tambi\u00e9n habr\u00e1 atracciones mec\u00e1nicas como el Tren El\u00e9ctrico y El Carrusel.<\/p>\n<p>La agrupaci\u00f3n musical Baraka deleitar\u00e1 a los visitantes con su armoniosa m\u00fasica, villancicos y tonadas tradicionales de la m\u00fasica venezolana.<\/p>\n<p>Una diversidad de eventos har\u00e1 que todos los caraque\u00f1os y quienes visitan la ciudad quieran disfrutar este diciembre en <strong>Centro San Ignacio<\/strong>, el Lugar Donde Quieres Estar. Para saber m\u00e1s de todo que se realizar\u00e1 durante este mes, visita las redes sociales del mall? Twitter @csiexclusivo, Facebook @csanignacio e Instagram @centrosanignacio.<\/p>\n","protected":false},"excerpt":{"rendered":"<p>Navidad es sin\u00f3nimo de felicidad, compartir y uni\u00f3n. Con el esp\u00edritu de estas esperadas fiestas ,desde el 21 de noviembre Centro San Ignacio, operado por Fondo de Valores Inmobiliarios (FVI), transformar\u00e1 sus espacios llen\u00e1ndolos de sorpresas y actividades que alegrar\u00e1n el esp\u00edritu de los caraque\u00f1os. Bajo el concepto: \u201cCSI: Un Bosque de Navidad\u201d este hermoso [&hellip;]<\/p>\n","protected":false},"author":2,"featured_media":3718,"comment_status":"closed","ping_status":"open","sticky":false,"template":"","format":"standard","meta":[],"categories":[3933,93,2],"tags":[3934,3935,3936,3937,3939,3941,3938,3940],"wppr_data":[],"_links":{"self":[{"href":"https:\/\/www.notaoficial.com\/s\/wp-json\/wp\/v2\/posts\/3717"}],"collection":[{"href":"https:\/\/www.notaoficial.com\/s\/wp-json\/wp\/v2\/posts"}],"about":[{"href":"https:\/\/www.notaoficial.com\/s\/wp-json\/wp\/v2\/types\/post"}],"author":[{"embeddable":true,"href":"https:\/\/www.notaoficial.com\/s\/wp-json\/wp\/v2\/users\/2"}],"replies":[{"embeddable":true,"href":"https:\/\/www.notaoficial.com\/s\/wp-json\/wp\/v2\/comments?post=3717"}],"version-history":[{"count":1,"href":"https:\/\/www.notaoficial.com\/s\/wp-json\/wp\/v2\/posts\/3717\/revisions"}],"predecessor-version":[{"id":3719,"href":"https:\/\/www.notaoficial.com\/s\/wp-json\/wp\/v2\/posts\/3717\/revisions\/3719"}],"wp:featuredmedia":[{"embeddable":true,"href":"https:\/\/www.notaoficial.com\/s\/wp-json\/wp\/v2\/media\/3718"}],"wp:attachment":[{"href":"https:\/\/www.notaoficial.com\/s\/wp-json\/wp\/v2\/media?parent=3717"}],"wp:term":[{"taxonomy":"category","embeddable":true,"href":"https:\/\/www.notaoficial.com\/s\/wp-json\/wp\/v2\/categories?post=3717"},{"taxonomy":"post_tag","embeddable":true,"href":"https:\/\/www.notaoficial.com\/s\/wp-json\/wp\/v2\/tags?post=3717"}],"curies":[{"name":"wp","href":"https:\/\/api.w.org\/{rel}","templated":true}]}}