{"id":3772,"date":"2018-11-25T22:48:21","date_gmt":"2018-11-26T02:48:21","guid":{"rendered":"http:\/\/www.notaoficial.com\/s\/?p=3772"},"modified":"2018-11-25T20:55:23","modified_gmt":"2018-11-26T00:55:23","slug":"johnnie-walker-black-label-estuvo-presente-en-la-segunda-edicion-de-oceanos-azules-2018","status":"publish","type":"post","link":"https:\/\/www.notaoficial.com\/s\/2018\/11\/25\/johnnie-walker-black-label-estuvo-presente-en-la-segunda-edicion-de-oceanos-azules-2018\/","title":{"rendered":"Johnnie Walker Black Label estuvo presente en la segunda edici\u00f3n de \u201cOc\u00e9anos Azules 2018\u201d"},"content":{"rendered":"<div>En celebraci\u00f3n de su 207 aniversario, CAVESPA present\u00f3 dos ponencias dictadas por el reconocido conferencista internacional Juan Carlos Cubeiro \u2012Presidente de Honor de la Asociaci\u00f3n Espa\u00f1ola de Coaching Ejecutivo-Organizativo y Mentoring\u2012 y un panel empresarial para venezolanos y extranjeros de alto nivel el pasado jueves 22 de noviembre, en las instalaciones del Lagunita Country Club de Caracas.\n<\/div>\n<div>\u201cDel Capitalismo al Talentismo\u201d en un Mundo VICA (Vol\u00e1til, Incierto, Complejo y Ambiguo)\u201d fue el primer di\u00e1logo del encuentro, liderado por Cubeiro. M\u00e1s adelante, con el apoyo del periodista Rom\u00e1n Lozinski como moderador, los asistentes disertaron sobre el \u201cTalento en Venezuela, Dificultades y Soluciones Aplicadas\u201d junto a un panel de expertos pertenecientes a empresas asociadas a la Federaci\u00f3n de C\u00e1maras Binacionales de Comercio e Industria del Espacio Econ\u00f3mico Europeo (Fedeuropa). Como fin de los coloquios, se llev\u00f3 a cabo la segunda conferencia de la tarde: \u201cUn Ecosistema Hibrido de Tecnolog\u00eda, Genero y\u00a0 Milennials\u201d.<\/p>\n<p>En conmemoraci\u00f3n de esta gran jornada, el emblem\u00e1tico whisky <em>Johnnie Walker<\/em> <em>Black Label<\/em> protagoniz\u00f3 el brindis de cierre donde se celebr\u00f3 a cada uno de los participantes y organizadores, quienes destacan por su compromiso y profesionalismo en el \u00e1mbito empresarial desde el progreso y su \u00e9xito.<\/p>\n<p>Adicionalmente, con el apoyo del restaurante caraque\u00f1o Alto, se dio\u00a0apertura a una cena de gala donde se elaboraron dos platillos innovadores usando este escoc\u00e9s como ingrediente.\u00a0Una uni\u00f3n excepcional para enaltecer la velada.<\/p>\n<p>A su vez, el evento patrocinado por Pacheco, Apost\u00f3lico &amp; Asociados (PwC), Elecnor de Venezuela S.A. y el Grupo M\u00e9dico Dr. J.Soteldo, elogia los 70 a\u00f1os de la Sociedad Anticancerosa de Venezuela y reafirma el compromiso de las empresas involucradas con esta instituci\u00f3n sin fines de lucro dentro del ciclo de Conferencias Think Tank Oc\u00e9anos Azules de Fedeuropa.<\/p><\/div>\n","protected":false},"excerpt":{"rendered":"<p>En celebraci\u00f3n de su 207 aniversario, CAVESPA present\u00f3 dos ponencias dictadas por el reconocido conferencista internacional Juan Carlos Cubeiro \u2012Presidente de Honor de la Asociaci\u00f3n Espa\u00f1ola de Coaching Ejecutivo-Organizativo y Mentoring\u2012 y un panel empresarial para venezolanos y extranjeros de alto nivel el pasado jueves 22 de noviembre, en las instalaciones del Lagunita Country Club [&hellip;]<\/p>\n","protected":false},"author":2,"featured_media":3773,"comment_status":"closed","ping_status":"open","sticky":false,"template":"","format":"standard","meta":[],"categories":[4062,140,2],"tags":[4071,4066,4065,4063,4072,4073,4064,3765,4067,4068,4070,4069],"wppr_data":[],"_links":{"self":[{"href":"https:\/\/www.notaoficial.com\/s\/wp-json\/wp\/v2\/posts\/3772"}],"collection":[{"href":"https:\/\/www.notaoficial.com\/s\/wp-json\/wp\/v2\/posts"}],"about":[{"href":"https:\/\/www.notaoficial.com\/s\/wp-json\/wp\/v2\/types\/post"}],"author":[{"embeddable":true,"href":"https:\/\/www.notaoficial.com\/s\/wp-json\/wp\/v2\/users\/2"}],"replies":[{"embeddable":true,"href":"https:\/\/www.notaoficial.com\/s\/wp-json\/wp\/v2\/comments?post=3772"}],"version-history":[{"count":1,"href":"https:\/\/www.notaoficial.com\/s\/wp-json\/wp\/v2\/posts\/3772\/revisions"}],"predecessor-version":[{"id":3774,"href":"https:\/\/www.notaoficial.com\/s\/wp-json\/wp\/v2\/posts\/3772\/revisions\/3774"}],"wp:featuredmedia":[{"embeddable":true,"href":"https:\/\/www.notaoficial.com\/s\/wp-json\/wp\/v2\/media\/3773"}],"wp:attachment":[{"href":"https:\/\/www.notaoficial.com\/s\/wp-json\/wp\/v2\/media?parent=3772"}],"wp:term":[{"taxonomy":"category","embeddable":true,"href":"https:\/\/www.notaoficial.com\/s\/wp-json\/wp\/v2\/categories?post=3772"},{"taxonomy":"post_tag","embeddable":true,"href":"https:\/\/www.notaoficial.com\/s\/wp-json\/wp\/v2\/tags?post=3772"}],"curies":[{"name":"wp","href":"https:\/\/api.w.org\/{rel}","templated":true}]}}