{"id":3776,"date":"2018-11-25T23:40:26","date_gmt":"2018-11-26T03:40:26","guid":{"rendered":"http:\/\/www.notaoficial.com\/s\/?p=3776"},"modified":"2018-11-25T21:02:49","modified_gmt":"2018-11-26T01:02:49","slug":"la-navidad-se-enciende-en-el-bod-con-la-parranda-de-cheo-hurtado","status":"publish","type":"post","link":"https:\/\/www.notaoficial.com\/s\/2018\/11\/25\/la-navidad-se-enciende-en-el-bod-con-la-parranda-de-cheo-hurtado\/","title":{"rendered":"La Navidad se enciende en el BOD con la Parranda de Cheo Hurtado"},"content":{"rendered":"<p>La Navidad llega a la Torre BOD el \u00a0domingo 25 de noviembre a las 3 pm con <strong><em>La Parranda de Cheo Hurtado<\/em><\/strong>, en un evento abierto a todo p\u00fablico que encender\u00e1 con m\u00fasica y tradici\u00f3n, el esp\u00edritu de estas festividades.<\/p>\n<p>Los espacios abiertos de la Torre BOD, en La Castellana, recibir\u00e1n a esta estrella de la m\u00fasica venezolana, fundador de <em>Ensamble Gurruf\u00edo<\/em>, <em>Costa Caribe<\/em> y L<em>a Cuerda de Carmito<\/em>, as\u00ed como de exitosos proyectos como La Siembra del Cuatro, concurso del que han emergido talentos que hoy descollan en el mundo como Jorge Glem, Carlos Capacho, Daniel Requena, Edward Ram\u00edrez, H\u00e9ctor Molina, Nelson Gonz\u00e1lez, Henry Linarez o Miguel Siso, ganador del Grammy Latino 2018 en la categor\u00eda m\u00fasica instrumental.<\/p>\n<p>Junto a \u00e9l, reconocidos m\u00fasicos y cantores provenientes de Guayana, Vargas y Caracas se acoplar\u00e1n para interpretar aguinaldos, ful\u00edas y parrandas, entre otros g\u00e9neros.<\/p>\n<p><em><strong>Navidad en la Torre 2018 <\/strong><\/em>prosigue el domingo 2 de diciembre, a las 3 pm, con la presentaci\u00f3n de <em>Las Voces Risue\u00f1as de Carayaca<\/em> y culminar\u00e1, con gaitas y parrandas, el domingo 16 de diciembre con una programaci\u00f3n que deleitar\u00e1 a toda la familia.<\/p>\n<p>Mayor informaci\u00f3n sobre en las redes sociales \u00a0@cculturalbod (Instagram y Twitter).<\/p>\n","protected":false},"excerpt":{"rendered":"<p>La Navidad llega a la Torre BOD el \u00a0domingo 25 de noviembre a las 3 pm con La Parranda de Cheo Hurtado, en un evento abierto a todo p\u00fablico que encender\u00e1 con m\u00fasica y tradici\u00f3n, el esp\u00edritu de estas festividades. Los espacios abiertos de la Torre BOD, en La Castellana, recibir\u00e1n a esta estrella de [&hellip;]<\/p>\n","protected":false},"author":2,"featured_media":3777,"comment_status":"closed","ping_status":"open","sticky":false,"template":"","format":"standard","meta":[],"categories":[463,2],"tags":[4079,4076,1664,3840,2454,4083,4080,4082,4078,4077,4074,4084,3228,4081,4075],"wppr_data":[],"_links":{"self":[{"href":"https:\/\/www.notaoficial.com\/s\/wp-json\/wp\/v2\/posts\/3776"}],"collection":[{"href":"https:\/\/www.notaoficial.com\/s\/wp-json\/wp\/v2\/posts"}],"about":[{"href":"https:\/\/www.notaoficial.com\/s\/wp-json\/wp\/v2\/types\/post"}],"author":[{"embeddable":true,"href":"https:\/\/www.notaoficial.com\/s\/wp-json\/wp\/v2\/users\/2"}],"replies":[{"embeddable":true,"href":"https:\/\/www.notaoficial.com\/s\/wp-json\/wp\/v2\/comments?post=3776"}],"version-history":[{"count":1,"href":"https:\/\/www.notaoficial.com\/s\/wp-json\/wp\/v2\/posts\/3776\/revisions"}],"predecessor-version":[{"id":3778,"href":"https:\/\/www.notaoficial.com\/s\/wp-json\/wp\/v2\/posts\/3776\/revisions\/3778"}],"wp:featuredmedia":[{"embeddable":true,"href":"https:\/\/www.notaoficial.com\/s\/wp-json\/wp\/v2\/media\/3777"}],"wp:attachment":[{"href":"https:\/\/www.notaoficial.com\/s\/wp-json\/wp\/v2\/media?parent=3776"}],"wp:term":[{"taxonomy":"category","embeddable":true,"href":"https:\/\/www.notaoficial.com\/s\/wp-json\/wp\/v2\/categories?post=3776"},{"taxonomy":"post_tag","embeddable":true,"href":"https:\/\/www.notaoficial.com\/s\/wp-json\/wp\/v2\/tags?post=3776"}],"curies":[{"name":"wp","href":"https:\/\/api.w.org\/{rel}","templated":true}]}}