{"id":3782,"date":"2018-11-26T21:00:35","date_gmt":"2018-11-27T01:00:35","guid":{"rendered":"http:\/\/www.notaoficial.com\/s\/?p=3782"},"modified":"2018-11-26T20:43:11","modified_gmt":"2018-11-27T00:43:11","slug":"xiii-bienal-nacional-de-arquitectura-aborda-el-tema-de-la-diaspora-de-la-arquitectura-en-venezuela","status":"publish","type":"post","link":"https:\/\/www.notaoficial.com\/s\/2018\/11\/26\/xiii-bienal-nacional-de-arquitectura-aborda-el-tema-de-la-diaspora-de-la-arquitectura-en-venezuela\/","title":{"rendered":"XIII Bienal Nacional de Arquitectura  aborda el tema de la di\u00e1spora de la arquitectura en Venezuela"},"content":{"rendered":"<p>Con un total de 20 categor\u00edas en concurso se presentar\u00e1 la <strong>XIII Bienal Nacional de Arquitectura<\/strong>, que ser\u00e1 inaugurada por el Colegio de Arquitectos de Venezuela (CAV) y la Red Latinoamericana de Bienales de Arquitectura (REDBAAL) el martes <strong>27 de noviembre de 2018 a las 10 am<\/strong>, en la Universidad Santa Mar\u00eda de Caracas, en torno al tema <strong><em>Arquitectura en Venezuela y su di\u00e1spora<\/em><\/strong>.<\/p>\n<p>Entre las actividades que conforman la programaci\u00f3n, se incluye una exposici\u00f3n itinerante de los posters y publicaciones concursantes e invitados \u2013que en 2019 se presentar\u00e1 en Maracay, Valencia, Porlamar, San Crist\u00f3bal y Maracaibo\u2013, as\u00ed como tambi\u00e9n, conferencias y charlas presenciales y v\u00eda Skype con destacados expertos nacionales e internacionales, la exposici\u00f3n de productos y empresas de servicios en stands, charlas de productos y de patrocinantes, visitas guiadas y la celebraci\u00f3n de convenios con instituciones relacionadas.<\/p>\n<p>En esta decimotercera edici\u00f3n se invit\u00f3 a participar por primera vez, y en virtud de la situaci\u00f3n nacional, a los arquitectos venezolanos que desde Venezuela han realizado trabajos en el extranjero, y a colegas que viven y trabajan en el exterior. Se incluye trabajos realizados en Chile, Estados Unidos, Espa\u00f1a, entre otros pa\u00edses. Esta categor\u00eda in\u00e9dita de participaci\u00f3n est\u00e1 dirigida a los arquitectos de la di\u00e1spora.<\/p>\n<p>Asimismo, se abri\u00f3 el espectro con nuevas categor\u00edas de participaci\u00f3n, tales como museograf\u00eda, proyectos acad\u00e9micos, fotograf\u00eda de la obra arquitect\u00f3nica, p\u00e1ginas web y proyectos no convencionales, a fin de abarcar la amplitud de la praxis del arquitecto venezolano, que muestren sus trabajos y que reciban reconocimientos por ello.<\/p>\n<p>Para la selecci\u00f3n de los ganadores se constituyeron jurados de 3 integrantes para cada categor\u00eda, siendo uno de ellos, el coordinador de dicho jurado. El trabajo ganador de cada una de las primeras catorce categor\u00edas concursa en el Premio Gran XIII BNA, cuya evaluaci\u00f3n y designaci\u00f3n estar\u00e1 a cargo de los coordinadores del jurado de cada categor\u00eda. En esta ocasi\u00f3n y por primera vez, la REDBAAL aportar\u00e1 integrantes que se incorporar\u00e1n a la labor de evaluar los trabajos presentados.<\/p>\n<p>La <strong>XIII Bienal Nacional de Arquitectura<\/strong> se estar\u00e1 presentando del 27 de noviembre al 15 de febrero de 2019, en la Universidad Santa Mar\u00eda, ubicada al final de la autopista Francisco Fajardo, v\u00eda Petare, sector La Florencia, Caracas. El horario es de 9am a 4pm de lunes a viernes. La entrada es libre.<\/p>\n","protected":false},"excerpt":{"rendered":"<p>Con un total de 20 categor\u00edas en concurso se presentar\u00e1 la XIII Bienal Nacional de Arquitectura, que ser\u00e1 inaugurada por el Colegio de Arquitectos de Venezuela (CAV) y la Red Latinoamericana de Bienales de Arquitectura (REDBAAL) el martes 27 de noviembre de 2018 a las 10 am, en la Universidad Santa Mar\u00eda de Caracas, en [&hellip;]<\/p>\n","protected":false},"author":2,"featured_media":3783,"comment_status":"closed","ping_status":"open","sticky":false,"template":"","format":"standard","meta":[],"categories":[356,140,2],"tags":[4102,49,359,209,358,256,255,4106,1155,367,1680,4104,4101,4100,364,4103,4105,1438,4099],"wppr_data":[],"_links":{"self":[{"href":"https:\/\/www.notaoficial.com\/s\/wp-json\/wp\/v2\/posts\/3782"}],"collection":[{"href":"https:\/\/www.notaoficial.com\/s\/wp-json\/wp\/v2\/posts"}],"about":[{"href":"https:\/\/www.notaoficial.com\/s\/wp-json\/wp\/v2\/types\/post"}],"author":[{"embeddable":true,"href":"https:\/\/www.notaoficial.com\/s\/wp-json\/wp\/v2\/users\/2"}],"replies":[{"embeddable":true,"href":"https:\/\/www.notaoficial.com\/s\/wp-json\/wp\/v2\/comments?post=3782"}],"version-history":[{"count":1,"href":"https:\/\/www.notaoficial.com\/s\/wp-json\/wp\/v2\/posts\/3782\/revisions"}],"predecessor-version":[{"id":3784,"href":"https:\/\/www.notaoficial.com\/s\/wp-json\/wp\/v2\/posts\/3782\/revisions\/3784"}],"wp:featuredmedia":[{"embeddable":true,"href":"https:\/\/www.notaoficial.com\/s\/wp-json\/wp\/v2\/media\/3783"}],"wp:attachment":[{"href":"https:\/\/www.notaoficial.com\/s\/wp-json\/wp\/v2\/media?parent=3782"}],"wp:term":[{"taxonomy":"category","embeddable":true,"href":"https:\/\/www.notaoficial.com\/s\/wp-json\/wp\/v2\/categories?post=3782"},{"taxonomy":"post_tag","embeddable":true,"href":"https:\/\/www.notaoficial.com\/s\/wp-json\/wp\/v2\/tags?post=3782"}],"curies":[{"name":"wp","href":"https:\/\/api.w.org\/{rel}","templated":true}]}}