{"id":3836,"date":"2018-12-01T02:15:44","date_gmt":"2018-12-01T06:15:44","guid":{"rendered":"http:\/\/www.notaoficial.com\/s\/?p=3836"},"modified":"2018-11-30T23:22:04","modified_gmt":"2018-12-01T03:22:04","slug":"los-parranderos-de-naiguata-ponen-a-bailar-a-caracas-en-el-centro-cultural-bod","status":"publish","type":"post","link":"https:\/\/www.notaoficial.com\/s\/2018\/12\/01\/los-parranderos-de-naiguata-ponen-a-bailar-a-caracas-en-el-centro-cultural-bod\/","title":{"rendered":"Los Parranderos de Naiguat\u00e1 ponen a bailar a Caracas en el Centro Cultural BOD"},"content":{"rendered":"<div>La alegr\u00eda de la Navidad se instal\u00f3 en la Torre BOD, por eso este domingo 2 de diciembre, a las 3 de la tarde,\u00a0 el p\u00fablico podr\u00e1 disfrutar de\u00a0<strong><em>Los Parranderos de Naiguat\u00e1<\/em><\/strong>, en un evento para todo p\u00fablico que llenar\u00e1 de ritmo\u00a0y tradici\u00f3n los acogedores espacios abiertos de esta edificaci\u00f3n ubicada en La Castellana,\u00a0Caracas.<\/p>\n<p><strong>Los Parranderos de Naiguat\u00e1<\/strong> nace en el a\u00f1o 2000 con la finalidad de promover y fortalecer la cultura musical del estado Vargas y\u00a0 de todo el pa\u00eds. Esta integrada por diez m\u00fasicos de gran trayectoria musical que han participado en grupos como: La Sardina de Naiguat\u00e1, Un Solo Pueblo, Costa Caribe, Pacheco y Su Pueblo, Viva Venezuela, La Calenda de Naiguat\u00e1 y Oscar de Le\u00f3n.<\/p>\n<p>Cabe mencionar que, en los 18 a\u00f1os de vida musical, esta agrupaci\u00f3n ha alternado con agrupaciones y artista de gran trayectoria como: Oscar D&#8217;Le\u00f3n, Dimensi\u00f3n Latina, Magia Caribe\u00f1a, Bailatino, Billos Caracas Boys, Erick Francheski, Hildemaro, Jymmi El Le\u00f3n, Rumberos del Callej\u00f3n, Caramelos de cianuro, Pacheco y su pueblo, Grupo Vera, Un Solo Pueblo, Orquesta Nevada, Orquesta Sebasti\u00e1n entre otros.<\/p>\n<p>En esta presentaci\u00f3n\u00a0Interpretar\u00e1n diferentes temas parranderos del repertorio nacional venezolano y temas in\u00e9ditos.<\/p>\n<p>La entrada es libre.<\/p>\n<p>Mayor informaci\u00f3n sobre Navidad en la Torre, ciclo que proseguir\u00e1 el s\u00e1bado 8 de diciembre con <em>Venezuela en Parranda<\/em> y el domingo 16 de diciembre con <em>Las Voces Risue\u00f1as de Carayaca<\/em> y <em>Los Gaiteros de Mill\u00e1<\/em>,\u00a0\u00a0en las redes sociales \u00a0@cculturalbod (Instagram y Twitter).<\/div>\n","protected":false},"excerpt":{"rendered":"<p>La alegr\u00eda de la Navidad se instal\u00f3 en la Torre BOD, por eso este domingo 2 de diciembre, a las 3 de la tarde,\u00a0 el p\u00fablico podr\u00e1 disfrutar de\u00a0Los Parranderos de Naiguat\u00e1, en un evento para todo p\u00fablico que llenar\u00e1 de ritmo\u00a0y tradici\u00f3n los acogedores espacios abiertos de esta edificaci\u00f3n ubicada en La Castellana,\u00a0Caracas. Los [&hellip;]<\/p>\n","protected":false},"author":2,"featured_media":3837,"comment_status":"closed","ping_status":"open","sticky":false,"template":"","format":"standard","meta":[],"categories":[463,2],"tags":[4246,4247,2057,4076,4244,4248,4252,4249,4250,4242,4238,4237,4245,4255,4253,4254,4243,1839,4240,4251,4239,325,4241],"wppr_data":[],"_links":{"self":[{"href":"https:\/\/www.notaoficial.com\/s\/wp-json\/wp\/v2\/posts\/3836"}],"collection":[{"href":"https:\/\/www.notaoficial.com\/s\/wp-json\/wp\/v2\/posts"}],"about":[{"href":"https:\/\/www.notaoficial.com\/s\/wp-json\/wp\/v2\/types\/post"}],"author":[{"embeddable":true,"href":"https:\/\/www.notaoficial.com\/s\/wp-json\/wp\/v2\/users\/2"}],"replies":[{"embeddable":true,"href":"https:\/\/www.notaoficial.com\/s\/wp-json\/wp\/v2\/comments?post=3836"}],"version-history":[{"count":1,"href":"https:\/\/www.notaoficial.com\/s\/wp-json\/wp\/v2\/posts\/3836\/revisions"}],"predecessor-version":[{"id":3838,"href":"https:\/\/www.notaoficial.com\/s\/wp-json\/wp\/v2\/posts\/3836\/revisions\/3838"}],"wp:featuredmedia":[{"embeddable":true,"href":"https:\/\/www.notaoficial.com\/s\/wp-json\/wp\/v2\/media\/3837"}],"wp:attachment":[{"href":"https:\/\/www.notaoficial.com\/s\/wp-json\/wp\/v2\/media?parent=3836"}],"wp:term":[{"taxonomy":"category","embeddable":true,"href":"https:\/\/www.notaoficial.com\/s\/wp-json\/wp\/v2\/categories?post=3836"},{"taxonomy":"post_tag","embeddable":true,"href":"https:\/\/www.notaoficial.com\/s\/wp-json\/wp\/v2\/tags?post=3836"}],"curies":[{"name":"wp","href":"https:\/\/api.w.org\/{rel}","templated":true}]}}