{"id":3857,"date":"2018-12-02T21:04:41","date_gmt":"2018-12-03T01:04:41","guid":{"rendered":"http:\/\/www.notaoficial.com\/s\/?p=3857"},"modified":"2018-12-02T21:04:41","modified_gmt":"2018-12-03T01:04:41","slug":"con-ballet-de-la-mar-llega-la-navidad-a-la-asuncion","status":"publish","type":"post","link":"https:\/\/www.notaoficial.com\/s\/2018\/12\/02\/con-ballet-de-la-mar-llega-la-navidad-a-la-asuncion\/","title":{"rendered":"Con Ballet de la Mar llega la navidad a la asunci\u00f3n"},"content":{"rendered":"<p dir=\"ltr\">Ballet de la Mar se prepara para para presentar su XV edici\u00f3n del Cascanueces en la isla de Margarita, luego de cerrar con \u00e9xito y lleno total su primera temporada del Cascanueces con el n\u00facleo Ballet de la Mar Nina Novak, \u00a0en el Centro Cultural Chacao. As\u00ed lo indic\u00f3 la maestra Martha Ildiko, directora general de la Fundaci\u00f3n Ballet de la Mar , quien se mostr\u00f3 muy satisfecha y destac\u00f3 el trabajo de la maestra Cristina Fungairi\u00f1o con el cuerpo de baile de Caracas.<\/p>\n<p dir=\"ltr\">El p\u00fablico caraque\u00f1o disfrut\u00f3 de un espect\u00e1culo inolvidable con una propuesta novedosa, en la cual se fusionaron el ballet y la tecnolog\u00eda. \u00a0Ahora los margarite\u00f1os podr\u00e1n disfrutar una vez m\u00e1s del tradicional ballet navide\u00f1o en 5 funciones, en el Centro de Artes Omar Carre\u00f1o, ubicado en La Asunci\u00f3n<\/p>\n<p dir=\"ltr\"><span class=\"gmail_default\">L<\/span>a Suite del Cascanueces <span class=\"gmail_default\">se presentar\u00e1 <\/span>el viernes 7 de diciembre \u00a0\u00a0a las 4:00 pm y 6:00 pm y el s\u00e1bado 8 de diciembre a las 10:30 am, 12:30 m y 3:30 pm. Agreg\u00f3 Martha \u00a0Ildiko que el s\u00e1bado 8 a las 3:30 pm, ser\u00e1 el cierre de la temporada con la graduaci\u00f3n de Daniela L\u00f3pez, bailarina fundadora de la instituci\u00f3n, quien interpretar\u00e1 el Pas de Deux Blanco del Cascanueces, \u00a0\u00a0acompa\u00f1ada por Daniel G\u00f3mez y sus compa\u00f1eras de sal\u00f3n como cuerpo de baile. Seguidamente se realizar\u00e1 un recital con la presentaci\u00f3n del grupo de Jazz de la Mar, a cargo de Jorge Urbina quien presentar\u00e1 las diferentes propuestas \u00a0con piezas contempor\u00e1neas y de hip hop. Culminar\u00e1 la funci\u00f3n con una coreograf\u00eda de Martha Ildiko, titulada \u201cElla\u201d, hecha para Daniela L\u00f3pez quien bailar\u00e1 acompa\u00f1ada de Adri\u00e1n Garc\u00eda y Jorge Urbina.<\/p>\n<p dir=\"ltr\">Las entradas est\u00e1n a la venta en la sede principal de Ballet de la Mar, ubicada en el Centro Comercial Jorge Coll. Mayor informaci\u00f3n, \u00a0puede ser solicitada por la p\u00e1gina web: <a href=\"http:\/\/www.balletdelamar.com\/\" target=\"_blank\" rel=\"noopener\" data-saferedirecturl=\"https:\/\/www.google.com\/url?q=http:\/\/www.balletdelamar.com\/&amp;source=gmail&amp;ust=1543885068967000&amp;usg=AFQjCNHhCx5aolII4Yg1ZT0iYwUVcfuINA\">www.balletdelamar.com<\/a>, a trav\u00e9s de las redes sociales @balletdelamar en twitter e Instagram o llamando al \u00a00295-2670415.<\/p>\n<p dir=\"ltr\">Para culminar el a\u00f1o, el 15 de diciembre Ballet de la Mar estar\u00e1 en el cierre de a\u00f1o del Conservatorio de Los Robles, y el domingo 16 en Parque Costa Azul.<\/p>\n<p>&nbsp;<\/p>\n","protected":false},"excerpt":{"rendered":"<p>Ballet de la Mar se prepara para para presentar su XV edici\u00f3n del Cascanueces en la isla de Margarita, luego de cerrar con \u00e9xito y lleno total su primera temporada del Cascanueces con el n\u00facleo Ballet de la Mar Nina Novak, \u00a0en el Centro Cultural Chacao. As\u00ed lo indic\u00f3 la maestra Martha Ildiko, directora general [&hellip;]<\/p>\n","protected":false},"author":2,"featured_media":3858,"comment_status":"closed","ping_status":"open","sticky":false,"template":"","format":"standard","meta":[],"categories":[463,2],"tags":[840,829,3127,4284,830,4282,835,4283,4281,838,831,1094,4285],"wppr_data":[],"_links":{"self":[{"href":"https:\/\/www.notaoficial.com\/s\/wp-json\/wp\/v2\/posts\/3857"}],"collection":[{"href":"https:\/\/www.notaoficial.com\/s\/wp-json\/wp\/v2\/posts"}],"about":[{"href":"https:\/\/www.notaoficial.com\/s\/wp-json\/wp\/v2\/types\/post"}],"author":[{"embeddable":true,"href":"https:\/\/www.notaoficial.com\/s\/wp-json\/wp\/v2\/users\/2"}],"replies":[{"embeddable":true,"href":"https:\/\/www.notaoficial.com\/s\/wp-json\/wp\/v2\/comments?post=3857"}],"version-history":[{"count":1,"href":"https:\/\/www.notaoficial.com\/s\/wp-json\/wp\/v2\/posts\/3857\/revisions"}],"predecessor-version":[{"id":3859,"href":"https:\/\/www.notaoficial.com\/s\/wp-json\/wp\/v2\/posts\/3857\/revisions\/3859"}],"wp:featuredmedia":[{"embeddable":true,"href":"https:\/\/www.notaoficial.com\/s\/wp-json\/wp\/v2\/media\/3858"}],"wp:attachment":[{"href":"https:\/\/www.notaoficial.com\/s\/wp-json\/wp\/v2\/media?parent=3857"}],"wp:term":[{"taxonomy":"category","embeddable":true,"href":"https:\/\/www.notaoficial.com\/s\/wp-json\/wp\/v2\/categories?post=3857"},{"taxonomy":"post_tag","embeddable":true,"href":"https:\/\/www.notaoficial.com\/s\/wp-json\/wp\/v2\/tags?post=3857"}],"curies":[{"name":"wp","href":"https:\/\/api.w.org\/{rel}","templated":true}]}}