{"id":3873,"date":"2018-12-04T21:53:11","date_gmt":"2018-12-05T01:53:11","guid":{"rendered":"http:\/\/www.notaoficial.com\/s\/?p=3873"},"modified":"2018-12-04T21:03:49","modified_gmt":"2018-12-05T01:03:49","slug":"se-exhibe-muestra-sobre-el-artista-venezolano-rolando-pena-en-pinta-miami-2018","status":"publish","type":"post","link":"https:\/\/www.notaoficial.com\/s\/2018\/12\/04\/se-exhibe-muestra-sobre-el-artista-venezolano-rolando-pena-en-pinta-miami-2018\/","title":{"rendered":"Se exhibe muestra sobre el artista venezolano Rolando Pe\u00f1a en Pinta Miami 2018"},"content":{"rendered":"<p>Como parte de las actividades culturales de la 12\u00ba edici\u00f3n de la feria Pinta Miami, que se realizar\u00e1 del 5 al 9 de diciembre de 2018, la galer\u00eda de proyectos \u201cThe Inclusive Way\u201d presentar\u00e1 <strong><em>\u201cFoundation for the Totality. Rolando Pe\u00f1a, New York, 1966-1979\u201d<\/em><\/strong>, una exhibici\u00f3n que rememora las contribuciones de los artistas latinoamericanos en el contexto de la escena del arte y de la cultura <em>underground<\/em> en la ciudad de Nueva York durante la d\u00e9cada del sesenta y setenta.<\/p>\n<p>Foundation for the Totality (Fundaci\u00f3n para la Totalidad), fue un movimiento concebido y liderado por el artista venezolano Rolando Pe\u00f1a (Venezuela, 1942) tambi\u00e9n llamado \u201cEl Pr\u00edncipe Negro\u201d, junto con otros creadores como Juan Downey (Chile, 1940), Manuel Vicente Pe\u00f1a, conocido como Manuel Quinto (Colombia, 1949), Waldo Balart (Cuba, 1931) y Jaime Barrios (Chile, 1945). Sus acciones se cruzan con otros creadores como Jos\u00e9 Rodr\u00edguez Soltero (Puerto Rico), Marcelo Montealegre (Chile) y Nicanor Parra (Chile), entre otros.<\/p>\n<p>Los <em>happenings<\/em>, publicaciones y acciones de arte de guerrilla que emprenden estos creadores desde \u201cLa fundaci\u00f3n de la totalidad\u201d confluyen con algunas producciones de Andy Warhol (EEUU), The Factory, y con la publicaci\u00f3n underground<em> East Village Other <\/em>(EVO), a cargo del editor Walter Bowart durante la d\u00e9cada del sesenta en Nueva York.<\/p>\n<p>La muestra ofrecer\u00e1 un recorrido documental, testimonial y de obras correspondientes al per\u00edodo que aborda la exploraci\u00f3n curatorial (1966-1979) realizada por Andreina Fuentes-Angarita.<\/p>\n<p>La exhibici\u00f3n estar\u00e1 abierta del 5 al 9 de diciembre de 2018, durante la Feria Iberoamericana Pinta Miami, que recibe m\u00e1s de 50 mil visitantes. Se presentar\u00e1 dentro del espacio de Crossing Cultures \/ The Inclusive Way, Booth D-2.<\/p>\n<p>Pinta Miami se realizar\u00e1 en el espacio Mana Wynwood, 318 NW 23rd St, Miami, FL 33127, dentro del Miami Art District, durante el siguiente horario:<\/p>\n<p>Mi\u00e9rcoles 5 de diciembre, de 5 pm a 9 pm.<\/p>\n<p>Jueves 6 a s\u00e1bado 8 de diciembre, de 11 am a 8 pm.<\/p>\n<p>Domingo 9 de diciembre, 11 am a 7 pm.<\/p>\n","protected":false},"excerpt":{"rendered":"<p>Como parte de las actividades culturales de la 12\u00ba edici\u00f3n de la feria Pinta Miami, que se realizar\u00e1 del 5 al 9 de diciembre de 2018, la galer\u00eda de proyectos \u201cThe Inclusive Way\u201d presentar\u00e1 \u201cFoundation for the Totality. Rolando Pe\u00f1a, New York, 1966-1979\u201d, una exhibici\u00f3n que rememora las contribuciones de los artistas latinoamericanos en el [&hellip;]<\/p>\n","protected":false},"author":2,"featured_media":3874,"comment_status":"closed","ping_status":"open","sticky":false,"template":"","format":"standard","meta":[],"categories":[146],"tags":[4323,4325,4327,4330,4328,4160,4329,4331,4322,797,4161,4332,2452,4324,4326],"wppr_data":[],"_links":{"self":[{"href":"https:\/\/www.notaoficial.com\/s\/wp-json\/wp\/v2\/posts\/3873"}],"collection":[{"href":"https:\/\/www.notaoficial.com\/s\/wp-json\/wp\/v2\/posts"}],"about":[{"href":"https:\/\/www.notaoficial.com\/s\/wp-json\/wp\/v2\/types\/post"}],"author":[{"embeddable":true,"href":"https:\/\/www.notaoficial.com\/s\/wp-json\/wp\/v2\/users\/2"}],"replies":[{"embeddable":true,"href":"https:\/\/www.notaoficial.com\/s\/wp-json\/wp\/v2\/comments?post=3873"}],"version-history":[{"count":1,"href":"https:\/\/www.notaoficial.com\/s\/wp-json\/wp\/v2\/posts\/3873\/revisions"}],"predecessor-version":[{"id":3875,"href":"https:\/\/www.notaoficial.com\/s\/wp-json\/wp\/v2\/posts\/3873\/revisions\/3875"}],"wp:featuredmedia":[{"embeddable":true,"href":"https:\/\/www.notaoficial.com\/s\/wp-json\/wp\/v2\/media\/3874"}],"wp:attachment":[{"href":"https:\/\/www.notaoficial.com\/s\/wp-json\/wp\/v2\/media?parent=3873"}],"wp:term":[{"taxonomy":"category","embeddable":true,"href":"https:\/\/www.notaoficial.com\/s\/wp-json\/wp\/v2\/categories?post=3873"},{"taxonomy":"post_tag","embeddable":true,"href":"https:\/\/www.notaoficial.com\/s\/wp-json\/wp\/v2\/tags?post=3873"}],"curies":[{"name":"wp","href":"https:\/\/api.w.org\/{rel}","templated":true}]}}