{"id":3905,"date":"2018-12-07T00:33:52","date_gmt":"2018-12-07T04:33:52","guid":{"rendered":"http:\/\/www.notaoficial.com\/s\/?p=3905"},"modified":"2018-12-06T23:37:11","modified_gmt":"2018-12-07T03:37:11","slug":"venezuela-en-parranda-resuena-en-el-bod","status":"publish","type":"post","link":"https:\/\/www.notaoficial.com\/s\/2018\/12\/07\/venezuela-en-parranda-resuena-en-el-bod\/","title":{"rendered":"Venezuela en Parranda resuena en el BOD"},"content":{"rendered":"<p>Reafirmando su compromiso de ofrecer al p\u00fablico una variada programaci\u00f3n cultural, este s\u00e1bado 8 de diciembre, a las 4:00 p.m., el Centro Cultural BOD presenta a las <em>Venezuela en Parranda.<\/em><\/p>\n<p>Los espacios abiertos de la Torre BOD, en La Castellana, recibir\u00e1n a este trabuco de estrellas de la m\u00fasica de tradici\u00f3n, quienes se han unido para recordar, con alegr\u00eda y mucho sabor venezolano, la mejor m\u00fasica de esta temporada.<\/p>\n<p>As\u00ed, las voces de Luisana P\u00e9rez, Iris Figueroa, Ariana P\u00e9rez, Cheo Ostos, Oscar Lista y Ronald Chac\u00f3n,\u00a0se acoplar\u00e1n para interpretar aguinaldos, ful\u00edas y parrandas\u00a0entre otros g\u00e9neros, acompa\u00f1ados por Daniel Requena, en el cuatro; Javier Mar\u00edn, en el bajo; Ezequiel Hern\u00e1ndez y Jorge Villarroel, en la percusi\u00f3n,\u00a0\u00a0y Pedro Mar\u00edn, en la bandola y direcci\u00f3n musical.<\/p>\n<p>Esta presentaci\u00f3n\u00a0 forma parte del ciclo <em><strong>Navidad en la Torre<\/strong> <\/em>que comenz\u00f3 el domingo 25 de noviembre con <em>La Parranda de Cheo Hurtad<\/em>o. El domingo 2 de diciembre, toc\u00f3 el turno a <em>Los Parranderos de Naiguat\u00e1<\/em>, este s\u00e1bado har\u00e1 lo propio <em>Venezuela en Parranda<\/em>, culminando el domingo 16 de diciembre con la presentaci\u00f3n de <em>Las Voces Risue\u00f1as de Carayaca<\/em> y <em>Los Gaiteros de Milla<\/em>.<\/p>\n<p>Mayor informaci\u00f3n sobre este ciclo especial y acerca de todas las actividades del Centro Cultural BOD en las redes sociales \u00a0@cculturalbod (Instagram y Twitter).<\/p>\n","protected":false},"excerpt":{"rendered":"<p>Reafirmando su compromiso de ofrecer al p\u00fablico una variada programaci\u00f3n cultural, este s\u00e1bado 8 de diciembre, a las 4:00 p.m., el Centro Cultural BOD presenta a las Venezuela en Parranda. Los espacios abiertos de la Torre BOD, en La Castellana, recibir\u00e1n a este trabuco de estrellas de la m\u00fasica de tradici\u00f3n, quienes se han unido [&hellip;]<\/p>\n","protected":false},"author":2,"featured_media":3906,"comment_status":"closed","ping_status":"open","sticky":false,"template":"","format":"standard","meta":[],"categories":[463,2],"tags":[4380,379,4381,1664,4384,4379,3011,1126,386,4378,4382,4383,4075,4377],"wppr_data":[],"_links":{"self":[{"href":"https:\/\/www.notaoficial.com\/s\/wp-json\/wp\/v2\/posts\/3905"}],"collection":[{"href":"https:\/\/www.notaoficial.com\/s\/wp-json\/wp\/v2\/posts"}],"about":[{"href":"https:\/\/www.notaoficial.com\/s\/wp-json\/wp\/v2\/types\/post"}],"author":[{"embeddable":true,"href":"https:\/\/www.notaoficial.com\/s\/wp-json\/wp\/v2\/users\/2"}],"replies":[{"embeddable":true,"href":"https:\/\/www.notaoficial.com\/s\/wp-json\/wp\/v2\/comments?post=3905"}],"version-history":[{"count":1,"href":"https:\/\/www.notaoficial.com\/s\/wp-json\/wp\/v2\/posts\/3905\/revisions"}],"predecessor-version":[{"id":3907,"href":"https:\/\/www.notaoficial.com\/s\/wp-json\/wp\/v2\/posts\/3905\/revisions\/3907"}],"wp:featuredmedia":[{"embeddable":true,"href":"https:\/\/www.notaoficial.com\/s\/wp-json\/wp\/v2\/media\/3906"}],"wp:attachment":[{"href":"https:\/\/www.notaoficial.com\/s\/wp-json\/wp\/v2\/media?parent=3905"}],"wp:term":[{"taxonomy":"category","embeddable":true,"href":"https:\/\/www.notaoficial.com\/s\/wp-json\/wp\/v2\/categories?post=3905"},{"taxonomy":"post_tag","embeddable":true,"href":"https:\/\/www.notaoficial.com\/s\/wp-json\/wp\/v2\/tags?post=3905"}],"curies":[{"name":"wp","href":"https:\/\/api.w.org\/{rel}","templated":true}]}}