{"id":3923,"date":"2018-12-08T00:30:22","date_gmt":"2018-12-08T04:30:22","guid":{"rendered":"http:\/\/www.notaoficial.com\/s\/?p=3923"},"modified":"2018-12-07T22:42:28","modified_gmt":"2018-12-08T02:42:28","slug":"alicia-barcena-la-igualdad-deberia-ser-motor-del-desarrollo-regional-y-estrategia-para-cerrar-brechas-estructurales","status":"publish","type":"post","link":"https:\/\/www.notaoficial.com\/s\/2018\/12\/08\/alicia-barcena-la-igualdad-deberia-ser-motor-del-desarrollo-regional-y-estrategia-para-cerrar-brechas-estructurales\/","title":{"rendered":"Alicia B\u00e1rcena: La igualdad deber\u00eda ser motor del desarrollo regional y estrategia para cerrar brechas estructurales"},"content":{"rendered":"<p>La igualdad deber\u00eda ser considerada como uno de los motores del desarrollo regional y como una estrategia para cerrar brechas estructurales en t\u00e9rminos de ingreso, capacidades, productividad y acceso a bienes p\u00fablicos, dijo este viernes 7 de diciembre Alicia B\u00e1rcena, Secretaria Ejecutiva de la Comisi\u00f3n Econ\u00f3mica para Am\u00e9rica Latina y el Caribe (CEPAL), durante la <a href=\"https:\/\/www.afd.fr\/en\/international-conference-inequality-and-social-cohesion-2018\" data-saferedirecturl=\"https:\/\/www.google.com\/url?q=https:\/\/www.afd.fr\/en\/international-conference-inequality-and-social-cohesion-2018&amp;source=gmail&amp;ust=1544321351093000&amp;usg=AFQjCNEsrYedC5mPxD84jygdGlPHd5tZMA\">XIII Conferencia Internacional sobre Desarrollo de la Agencia Francesa de Desarrollo (AFD)<\/a> celebrada en Par\u00eds.<\/p>\n<p>B\u00e1rcena fue una de las expositoras en el primer panel del evento junto con James K. Galbraith, economista estadounidense y acad\u00e9mico en la Universidad de Texas (Austin); Nizar Baraka, Presidente del Consejo Econ\u00f3mico, Social y Ambiental del Reino de Marruecos; y Lucas Chancel, Codirector del World Inequality Lab en la Escuela de Econom\u00eda de Par\u00eds.<\/p>\n<p>Erradicar la cultura del privilegio que caracteriza a Am\u00e9rica Latina y el Caribe requiere abordar la desigualdad en el ingreso y en la distribuci\u00f3n de la riqueza, as\u00ed como la evasi\u00f3n fiscal, que representa 340.000 millones de d\u00f3lares al a\u00f1o en la regi\u00f3n (6,7% de su PIB), se\u00f1al\u00f3 la m\u00e1xima representante del organismo regional de las Naciones Unidas en el encuentro dedicado a analizar \u201clas desigualdades y la cohesi\u00f3n social\u201d.<\/p>\n<p>Estos temas son abordados en profundidad en el documento <a href=\"https:\/\/www.cepal.org\/es\/publicaciones\/43442-la-ineficiencia-la-desigualdad\" data-saferedirecturl=\"https:\/\/www.google.com\/url?q=https:\/\/www.cepal.org\/es\/publicaciones\/43442-la-ineficiencia-la-desigualdad&amp;source=gmail&amp;ust=1544321351094000&amp;usg=AFQjCNE5boYo9defWn_VmQ6n6RpabDFfhQ\"><strong><em>La ineficiencia de la desigualdad<\/em><\/strong><\/a>, la m\u00e1s reciente reflexi\u00f3n institucional de la CEPAL, presentada durante su <a href=\"https:\/\/periododesesiones.cepal.org\/37\/es\" data-saferedirecturl=\"https:\/\/www.google.com\/url?q=https:\/\/periododesesiones.cepal.org\/37\/es&amp;source=gmail&amp;ust=1544321351094000&amp;usg=AFQjCNFVxrGShRXPeRij6aowOZKloTyn6A\">trig\u00e9simo s\u00e9ptimo per\u00edodo de sesiones<\/a> realizado en La Habana, Cuba, en mayo de este a\u00f1o. All\u00ed se se\u00f1ala que la desigualdad es ineficiente y un obst\u00e1culo para el crecimiento, el desarrollo y la sostenibilidad en Am\u00e9rica Latina y el Caribe.<\/p>\n<p>La primera d\u00e9cada del siglo XXI estuvo marcada por avances en materia de desarrollo social en la regi\u00f3n, ha explicado B\u00e1rcena. Se redujo la pobreza, se llevaron a cabo reformas a favor de la solidaridad en los sistemas de protecci\u00f3n social, creci\u00f3 el consumo y se registr\u00f3 una mejora en la distribuci\u00f3n del ingreso.<\/p>\n<p>No obstante, en esta segunda d\u00e9cada ha surgido una mayor resistencia hacia la promoci\u00f3n de la igualdad de derechos y la profundizaci\u00f3n de las reformas sociales, alert\u00f3, con recortes en el gasto social y limitaciones de los derechos laborales, entre otras medidas.<\/p>\n<p>Las cifras del coeficiente de Gini, que mide la concentraci\u00f3n del ingreso, son reveladoras en este sentido. La desigualdad promedio de la regi\u00f3n se redujo 1,5% por a\u00f1o entre 2002-2008, 0,7% por a\u00f1o entre 2008-2014 y solo 0,4% por a\u00f1o entre 2014-2016.<\/p>\n<p>Entre 2002 y 2008, 14 pa\u00edses registraron una disminuci\u00f3n del 1% o m\u00e1s por a\u00f1o en el coeficiente de Gini, mientras que entre 2014 y 2016 solo 5 pa\u00edses registraron descensos de tal magnitud.<\/p>\n<p>Pero la desigualdad no solo se manifiesta en la distribuci\u00f3n del ingreso, insiste la CEPAL, sino tambi\u00e9n en una multiplicidad de \u00e1mbitos como el trabajo decente, la educaci\u00f3n, la salud, el acceso a servicios b\u00e1sicos de calidad y a la protecci\u00f3n social, en el uso de nuevas tecnolog\u00edas, en la participaci\u00f3n pol\u00edtica y en el derecho a vivir en un medio ambiente limpio, por nombrar algunos.<\/p>\n<p>Las desigualdades estructurales que persisten en la regi\u00f3n, enfatiz\u00f3 B\u00e1rcena, impiden superar la llamada \u201ctrampa del ingreso medio\u201d (como se le denomina a las dificultades que enfrentan las econom\u00edas en desarrollo para encontrar nuevas fuentes de crecimiento tras haber alcanzado niveles medios de ingresos). Urge aumentar los niveles de productividad a trav\u00e9s de la innovaci\u00f3n, el cambio tecnol\u00f3gico y la producci\u00f3n de bienes y servicios intensivos en conocimiento, sostuvo.<\/p>\n<p>La conferencia en Par\u00eds fue inaugurada por R\u00e9my Rioux, Director General de la AFD, y Stefano Manservisi, Director General de Cooperaci\u00f3n Internacional y Desarrollo de la Comisi\u00f3n Europea, y cont\u00f3 con la participaci\u00f3n de personalidades como Fran\u00e7ois Bourguignon, Profesor Em\u00e9rito y ex Director de la Escuela de Econom\u00eda de Par\u00eds, y Shanta Devarajan, Director Superior de Econom\u00eda del Desarrollo del Grupo del Banco Mundial, entre otros.<\/p>\n<p><strong>M\u00e1s informaci\u00f3n en <\/strong><a href=\"http:\/\/www.cepal.org\" data-saferedirecturl=\"https:\/\/www.google.com\/url?q=http:\/\/www.cepal.org&amp;source=gmail&amp;ust=1544321351094000&amp;usg=AFQjCNFvm2TRhf00SSOHhJ8e1VGHBXDuLQ\"><strong>www.cepal.org<\/strong><\/a><strong>.<\/strong><\/p>\n","protected":false},"excerpt":{"rendered":"<p>La igualdad deber\u00eda ser considerada como uno de los motores del desarrollo regional y como una estrategia para cerrar brechas estructurales en t\u00e9rminos de ingreso, capacidades, productividad y acceso a bienes p\u00fablicos, dijo este viernes 7 de diciembre Alicia B\u00e1rcena, Secretaria Ejecutiva de la Comisi\u00f3n Econ\u00f3mica para Am\u00e9rica Latina y el Caribe (CEPAL), durante la [&hellip;]<\/p>\n","protected":false},"author":2,"featured_media":3924,"comment_status":"closed","ping_status":"open","sticky":false,"template":"","format":"standard","meta":[],"categories":[1630,140,2],"tags":[1319,210,2440,206,1027,173,4417,4412,4416,4414,4413,1075,2836,4418,4415],"wppr_data":[],"_links":{"self":[{"href":"https:\/\/www.notaoficial.com\/s\/wp-json\/wp\/v2\/posts\/3923"}],"collection":[{"href":"https:\/\/www.notaoficial.com\/s\/wp-json\/wp\/v2\/posts"}],"about":[{"href":"https:\/\/www.notaoficial.com\/s\/wp-json\/wp\/v2\/types\/post"}],"author":[{"embeddable":true,"href":"https:\/\/www.notaoficial.com\/s\/wp-json\/wp\/v2\/users\/2"}],"replies":[{"embeddable":true,"href":"https:\/\/www.notaoficial.com\/s\/wp-json\/wp\/v2\/comments?post=3923"}],"version-history":[{"count":1,"href":"https:\/\/www.notaoficial.com\/s\/wp-json\/wp\/v2\/posts\/3923\/revisions"}],"predecessor-version":[{"id":3925,"href":"https:\/\/www.notaoficial.com\/s\/wp-json\/wp\/v2\/posts\/3923\/revisions\/3925"}],"wp:featuredmedia":[{"embeddable":true,"href":"https:\/\/www.notaoficial.com\/s\/wp-json\/wp\/v2\/media\/3924"}],"wp:attachment":[{"href":"https:\/\/www.notaoficial.com\/s\/wp-json\/wp\/v2\/media?parent=3923"}],"wp:term":[{"taxonomy":"category","embeddable":true,"href":"https:\/\/www.notaoficial.com\/s\/wp-json\/wp\/v2\/categories?post=3923"},{"taxonomy":"post_tag","embeddable":true,"href":"https:\/\/www.notaoficial.com\/s\/wp-json\/wp\/v2\/tags?post=3923"}],"curies":[{"name":"wp","href":"https:\/\/api.w.org\/{rel}","templated":true}]}}