{"id":4008,"date":"2018-12-14T23:43:35","date_gmt":"2018-12-15T03:43:35","guid":{"rendered":"http:\/\/www.notaoficial.com\/s\/?p=4008"},"modified":"2018-12-14T21:47:41","modified_gmt":"2018-12-15T01:47:41","slug":"gaitas-y-parrandas-para-disfrutar-lo-mejor-de-la-navidad-venezolana","status":"publish","type":"post","link":"https:\/\/www.notaoficial.com\/s\/2018\/12\/14\/gaitas-y-parrandas-para-disfrutar-lo-mejor-de-la-navidad-venezolana\/","title":{"rendered":"Gaitas y Parrandas para disfrutar  lo mejor de la Navidad venezolana"},"content":{"rendered":"<div>\n<div>En l\u00ednea con su compromiso de ofrecer al p\u00fablico una variada y plural programaci\u00f3n cultural, este domingo 16 de diciembre, a partir de las e:00 p.m., el Centro Cultural BOD presenta, en el ciclo <strong><em>Navidad en la Torre 2018<\/em><\/strong>, a\u00a0\u00a0<em>Las Voces Risue\u00f1as de Carayaca<\/em> y <em>Los Gaiteros de Millas.<\/em><\/div>\n<div>\nLos espacios abiertos de la Torre BOD, en La Castellana, recibir\u00e1n a <strong>Las Voces Risue\u00f1as de Carayaca<\/strong>, grupo fundado en 1953<strong>\u00a0<\/strong>por un\u00a0grupo de parroquianos cultores de la m\u00fasica tradicional, liderados por\u00a0Luis P\u00e9rez Padilla, Tirsa \u00c1lvarez, Jos\u00e9 Mar\u00eda \u00c1lvarez y Jes\u00fas Mayora quienes en 1950 unieron sus cantos y canciones para alegrar las misas de aguinaldos del pueblo de Carayaca. As\u00ed, entre aguinaldos y parrandas fue consolid\u00e1ndose la idea de continuar trabajando con una disciplina grupal que se consolid\u00f3 tres a\u00f1os despu\u00e9s con la fundaci\u00f3n del grupo que, desde entonces, ha desarrollado una propuesta sostenida sobre la base de distintas generaciones herederos de una s\u00f3lida cultura popular que, hoy, adem\u00e1s de ser referencia internacional de nuestra m\u00fasica, es basti\u00f3n de la promoci\u00f3n y difusi\u00f3n de los valores culturales del pa\u00eds.<\/div>\n<div>\nEn esta oportunidad,se acoplar\u00e1n para interpretar aguinaldos, ful\u00edas y parrandas de su repertorio.<\/div>\n<div>\nPor su parte, la agrupaci\u00f3n <em>Los Gaiteros de Millas<\/em>,\u00a0 ejecutar\u00e1 un repertorio gaitero para despertar todo tipo de emociones con los grandes \u00e9xitos de las \u00faltimas d\u00e9cadas, con temas tradicionales y sabrosos cl\u00e1sicos como<em> La cabra mocha, Sentir zuliano, Pa\u2019 que Luis, Orinoco<\/em>\u00a0y m\u00e1s; todos interpretados por los diez integrantes de esta agrupaci\u00f3n\u00a0\u00a0fundada en el a\u00f1o 2005, en pleno coraz\u00f3n de Los Teques, bajo la direcci\u00f3n de H\u00e9ctor Andarcia.<\/div>\n<div>\nPara los m\u00e1s peque\u00f1os, se han preparado actividades de cuentacuentos, pintacaritas, globomagia, etc\u00e9tera, que envolver\u00e1n la llegada del San Nicol\u00e1s y la Se\u00f1ora Santa, entre otras sorpresas que llenar\u00e1n de alegr\u00eda y diversi\u00f3n la tarde del domingo 16 de diciembre.<\/div>\n<div>\nCon esta jornada culmina el ciclo <em><strong>Navidad en la Torre<\/strong> <\/em>que comenz\u00f3 el domingo 25 de noviembre con <em>La Parranda de Cheo Hurtad<\/em>o. El domingo 2 de diciembre, toc\u00f3 el turno a <em>Los Parranderos de Naiguat\u00e1<\/em>, y el s\u00e1bado 8 a <em>Venezuela en Parranda<\/em>, verdadero All Star dirigido por Pedro Mar\u00edn.<\/div>\n<div>\nLa entrada es libre.<\/p>\n<p>Mayor informaci\u00f3n en las redes sociales \u00a0@cculturalbod (Instagram y Twitter).<\/p><\/div>\n<\/div>\n","protected":false},"excerpt":{"rendered":"<p>En l\u00ednea con su compromiso de ofrecer al p\u00fablico una variada y plural programaci\u00f3n cultural, este domingo 16 de diciembre, a partir de las e:00 p.m., el Centro Cultural BOD presenta, en el ciclo Navidad en la Torre 2018, a\u00a0\u00a0Las Voces Risue\u00f1as de Carayaca y Los Gaiteros de Millas. Los espacios abiertos de la Torre [&hellip;]<\/p>\n","protected":false},"author":2,"featured_media":4010,"comment_status":"closed","ping_status":"open","sticky":false,"template":"","format":"standard","meta":[],"categories":[463,2],"tags":[4596,379,4604,4603,4597,386,4074,4084,4600,4601,4255,2286,4599,3714,4598,4602,4075],"wppr_data":[],"_links":{"self":[{"href":"https:\/\/www.notaoficial.com\/s\/wp-json\/wp\/v2\/posts\/4008"}],"collection":[{"href":"https:\/\/www.notaoficial.com\/s\/wp-json\/wp\/v2\/posts"}],"about":[{"href":"https:\/\/www.notaoficial.com\/s\/wp-json\/wp\/v2\/types\/post"}],"author":[{"embeddable":true,"href":"https:\/\/www.notaoficial.com\/s\/wp-json\/wp\/v2\/users\/2"}],"replies":[{"embeddable":true,"href":"https:\/\/www.notaoficial.com\/s\/wp-json\/wp\/v2\/comments?post=4008"}],"version-history":[{"count":1,"href":"https:\/\/www.notaoficial.com\/s\/wp-json\/wp\/v2\/posts\/4008\/revisions"}],"predecessor-version":[{"id":4011,"href":"https:\/\/www.notaoficial.com\/s\/wp-json\/wp\/v2\/posts\/4008\/revisions\/4011"}],"wp:featuredmedia":[{"embeddable":true,"href":"https:\/\/www.notaoficial.com\/s\/wp-json\/wp\/v2\/media\/4010"}],"wp:attachment":[{"href":"https:\/\/www.notaoficial.com\/s\/wp-json\/wp\/v2\/media?parent=4008"}],"wp:term":[{"taxonomy":"category","embeddable":true,"href":"https:\/\/www.notaoficial.com\/s\/wp-json\/wp\/v2\/categories?post=4008"},{"taxonomy":"post_tag","embeddable":true,"href":"https:\/\/www.notaoficial.com\/s\/wp-json\/wp\/v2\/tags?post=4008"}],"curies":[{"name":"wp","href":"https:\/\/api.w.org\/{rel}","templated":true}]}}