{"id":4022,"date":"2018-12-17T23:57:30","date_gmt":"2018-12-18T03:57:30","guid":{"rendered":"http:\/\/www.notaoficial.com\/s\/?p=4022"},"modified":"2018-12-17T21:09:01","modified_gmt":"2018-12-18T01:09:01","slug":"miqui-puig-ensenara-en-la-universidad-como-funciona-el-negocio-de-la-musica","status":"publish","type":"post","link":"https:\/\/www.notaoficial.com\/s\/2018\/12\/17\/miqui-puig-ensenara-en-la-universidad-como-funciona-el-negocio-de-la-musica\/","title":{"rendered":"Miqui Puig ense\u00f1ar\u00e1 en la universidad c\u00f3mo funciona el negocio de la m\u00fasica"},"content":{"rendered":"<p>El diploma de Postgrado en Gesti\u00f3n Empresarial de la M\u00fasica en su octava edici\u00f3n contar\u00e1 con el artista y comunicador Miqui Puig entre su claustro de profesores encabezado por los tutores Mariano P\u00e9rez, consultor de Warner Music Spain y Carlos Gal\u00e1n, director de Subterfuge Records.<\/p>\n<p>Songsforever en colaboraci\u00f3n con ADEIT Fundaci\u00f3n Universidad Empresa Universitat de Val\u00e8ncia presenta la 8\u00aa edici\u00f3n del Postgrado en Gesti\u00f3n Empresarial de la M\u00fasica. Se trata de un proyecto formativo \u00fanico en la modalidad online que imparten profesores expertos de la Universitat de Val\u00e8ncia, reconocidos profesionales de la industria musical y artistas como Miqui Puig que acaba de incoporarse al claustro de profesores.<\/p>\n<p>Este diploma de especializaci\u00f3n dirigido a titulados universitarios, m\u00fasicos, artistas y profesionales de la industria musical, ofrece una visi\u00f3n global del negocio de la m\u00fasica a trav\u00e9s de un m\u00e9todo pr\u00e1ctico de aprendizaje que se refuerza mediante Master Class impartidas por algunas de las empresas, asociaciones y entidades m\u00e1s reconocidas del sector. Su objetivo es poner a disposici\u00f3n de los estudiantes los conocimientos y capacidades principales en las \u00e1reas de la creaci\u00f3n y gesti\u00f3n empresarial, producci\u00f3n de eventos musicales, marketing, comunicaci\u00f3n, music publishing, management, nuevas tecnolog\u00edas aplicadas a la m\u00fasica, distribuci\u00f3n musical, internacionalizaci\u00f3n, gesti\u00f3n legal, fiscal y laboral de las profesiones de la m\u00fasica.<\/p>\n<p>La metodolog\u00eda incluye la participaci\u00f3n directa del estudiante con el desarrollo de un proyecto final, tutelado por los directores del curso y por los tutores Mariano P\u00e9rez (Consultor Warner Music Spain) y Carlos Gal\u00e1n (Fundador y Director Subterfuge Records). El Postgrado en Gesti\u00f3n Empresarial de la M\u00fasica est\u00e1 dirigido por Jos\u00e9 Mar\u00eda N\u00e1cher, profesor titular de la Universitat de Val\u00e8ncia Departament d&#8217;Economia Aplicada y Vicente Mart\u00ednez, socio-director de SFE Songsforever.<\/p>\n<p>Las clases dar\u00e1n comienzo el 23 de enero y la preinscripci\u00f3n finaliza el pr\u00f3ximo 18 de diciembre.<\/p>\n","protected":false},"excerpt":{"rendered":"<p>El diploma de Postgrado en Gesti\u00f3n Empresarial de la M\u00fasica en su octava edici\u00f3n contar\u00e1 con el artista y comunicador Miqui Puig entre su claustro de profesores encabezado por los tutores Mariano P\u00e9rez, consultor de Warner Music Spain y Carlos Gal\u00e1n, director de Subterfuge Records. Songsforever en colaboraci\u00f3n con ADEIT Fundaci\u00f3n Universidad Empresa Universitat de [&hellip;]<\/p>\n","protected":false},"author":2,"featured_media":4023,"comment_status":"closed","ping_status":"open","sticky":false,"template":"","format":"standard","meta":[],"categories":[140,4625,2],"tags":[4642,4639,4645,4643,4637,4640,4644,4646,4641,4647,4638],"wppr_data":[],"_links":{"self":[{"href":"https:\/\/www.notaoficial.com\/s\/wp-json\/wp\/v2\/posts\/4022"}],"collection":[{"href":"https:\/\/www.notaoficial.com\/s\/wp-json\/wp\/v2\/posts"}],"about":[{"href":"https:\/\/www.notaoficial.com\/s\/wp-json\/wp\/v2\/types\/post"}],"author":[{"embeddable":true,"href":"https:\/\/www.notaoficial.com\/s\/wp-json\/wp\/v2\/users\/2"}],"replies":[{"embeddable":true,"href":"https:\/\/www.notaoficial.com\/s\/wp-json\/wp\/v2\/comments?post=4022"}],"version-history":[{"count":1,"href":"https:\/\/www.notaoficial.com\/s\/wp-json\/wp\/v2\/posts\/4022\/revisions"}],"predecessor-version":[{"id":4024,"href":"https:\/\/www.notaoficial.com\/s\/wp-json\/wp\/v2\/posts\/4022\/revisions\/4024"}],"wp:featuredmedia":[{"embeddable":true,"href":"https:\/\/www.notaoficial.com\/s\/wp-json\/wp\/v2\/media\/4023"}],"wp:attachment":[{"href":"https:\/\/www.notaoficial.com\/s\/wp-json\/wp\/v2\/media?parent=4022"}],"wp:term":[{"taxonomy":"category","embeddable":true,"href":"https:\/\/www.notaoficial.com\/s\/wp-json\/wp\/v2\/categories?post=4022"},{"taxonomy":"post_tag","embeddable":true,"href":"https:\/\/www.notaoficial.com\/s\/wp-json\/wp\/v2\/tags?post=4022"}],"curies":[{"name":"wp","href":"https:\/\/api.w.org\/{rel}","templated":true}]}}