{"id":4025,"date":"2018-12-18T20:56:13","date_gmt":"2018-12-19T00:56:13","guid":{"rendered":"http:\/\/www.notaoficial.com\/s\/?p=4025"},"modified":"2018-12-18T20:56:13","modified_gmt":"2018-12-19T00:56:13","slug":"cepal-presentara-su-balance-preliminar-de-las-economias-de-america-latina-y-el-caribe-en-2018","status":"publish","type":"post","link":"https:\/\/www.notaoficial.com\/s\/2018\/12\/18\/cepal-presentara-su-balance-preliminar-de-las-economias-de-america-latina-y-el-caribe-en-2018\/","title":{"rendered":"CEPAL presentar\u00e1 su balance preliminar de las econom\u00edas de Am\u00e9rica Latina y el Caribe en 2018"},"content":{"rendered":"<p>La Comisi\u00f3n Econ\u00f3mica para Am\u00e9rica Latina y el Caribe (CEPAL) presentar\u00e1 el jueves 20 de diciembre su <strong><em>Balance Preliminar de las Econom\u00edas de Am\u00e9rica Latina y el Caribe 2018<\/em><\/strong>, publicaci\u00f3n en la que actualizar\u00e1 sus estimaciones de crecimiento para los pa\u00edses de la regi\u00f3n en el presente a\u00f1o y las proyecciones para 2019.<\/p>\n<p>El informe ser\u00e1 dado a conocer en una conferencia de prensa ofrecida por Alicia B\u00e1rcena, Secretaria Ejecutiva de la CEPAL, en la sede central de esta comisi\u00f3n regional de las Naciones Unidas en Santiago, Chile, a las 11:00 horas locales (UTC\/GMT -3:00), presentaci\u00f3n que ser\u00e1 transmitida en directo por internet a trav\u00e9s del <a href=\"http:\/\/www.cepal.org\" data-saferedirecturl=\"https:\/\/www.google.com\/url?q=http:\/\/www.cepal.org&amp;source=gmail&amp;ust=1545266276869000&amp;usg=AFQjCNGVhNqEkkio0cgE8HykEJu5s6p9Ew\">sitio web<\/a> de la instituci\u00f3n.<\/p>\n<p>La edici\u00f3n 2018 del <strong><em>Balance Preliminar<\/em><\/strong>, uno de los reportes anuales m\u00e1s importantes de la CEPAL producido por la Divisi\u00f3n de Desarrollo Econ\u00f3mico del organismo, analiza el desempe\u00f1o econ\u00f3mico de la regi\u00f3n durante el a\u00f1o, el contexto internacional, las pol\u00edticas macroecon\u00f3micas que los pa\u00edses han implementado y entrega perspectivas actualizadas para 2019.<\/p>\n<p><strong>Se invita a los medios de comunicaci\u00f3n a participar en la conferencia de prensa, que se realizar\u00e1 en la sede de la CEPAL (Av. Dag Hammarskj\u00f6ld 3477, Vitacura, Santiago, Chile, Sala Celso Furtado). Los periodistas deben portar la credencial de su medio o su credencial de identidad para tener acceso.<\/strong><\/p>\n<p>Una versi\u00f3n informativa electr\u00f3nica del documento, incluyendo fichas de an\u00e1lisis econ\u00f3mico para cada pa\u00eds de la regi\u00f3n, y un comunicado de prensa, estar\u00e1n disponibles en el <a href=\"http:\/\/www.cepal.org\/\" data-saferedirecturl=\"https:\/\/www.google.com\/url?q=http:\/\/www.cepal.org\/&amp;source=gmail&amp;ust=1545266276869000&amp;usg=AFQjCNH-PJ-YXTdX7pLAP4jIxGxo01Vx2A\">sitio web de la CEPAL<\/a> el jueves 20 de diciembre, apenas finalice la conferencia de prensa.<\/p>\n<p><strong>Qu\u00e9:<\/strong> Lanzamiento del informe anual de la CEPAL <strong><em>Balance Preliminar de las Econom\u00edas de Am\u00e9rica Latina y el Caribe 2018<\/em><\/strong>.<\/p>\n<p><strong>Qui\u00e9nes:<\/strong><\/p>\n<ul>\n<li>Alicia B\u00e1rcena, Secretaria Ejecutiva de la CEPAL.<\/li>\n<li>Expertos de la Divisi\u00f3n de Desarrollo Econ\u00f3mico de la CEPAL.<\/li>\n<\/ul>\n<p><strong>Cu\u00e1ndo:<\/strong> Jueves 20 de diciembre de 2018, 11:00 a.m. de Chile (GMT -03:00 horas).<\/p>\n<p><strong>D\u00f3nde:<\/strong> Sede de la CEPAL. Av. Dag Hammarskj\u00f6ld 3477, Vitacura, Santiago, Chile (Sala Celso Furtado).<\/p>\n<p><strong>M\u00e1s informaci\u00f3n en <\/strong><a href=\"http:\/\/www.cepal.org\" data-saferedirecturl=\"https:\/\/www.google.com\/url?q=http:\/\/www.cepal.org&amp;source=gmail&amp;ust=1545266276869000&amp;usg=AFQjCNGVhNqEkkio0cgE8HykEJu5s6p9Ew\"><strong>www.cepal.org<\/strong><\/a><strong>. <\/strong><\/p>\n<p>Para consultas y la concertaci\u00f3n de entrevistas, contactar a Guido Cam\u00fa, Jefe de la Unidad de Informaci\u00f3n P\u00fablica de la CEPAL.<\/p>\n<p>Correo electr\u00f3nico: <a href=\"mailto:prensa@cepal.org\">prensa@cepal.org<\/a>; tel\u00e9fono: (56 2) 2210 2040.<\/p>\n<p>S\u00edganos en: <a href=\"http:\/\/twitter.com\/cepal_onu\" data-saferedirecturl=\"https:\/\/www.google.com\/url?q=http:\/\/twitter.com\/cepal_onu&amp;source=gmail&amp;ust=1545266276869000&amp;usg=AFQjCNE1-PfubyU9X7dYkmKMsldUhc3NqQ\">Twitter<\/a>, <a href=\"http:\/\/www.facebook.com\/cepal.onu\" data-saferedirecturl=\"https:\/\/www.google.com\/url?q=http:\/\/www.facebook.com\/cepal.onu&amp;source=gmail&amp;ust=1545266276869000&amp;usg=AFQjCNE2diEaNPD0xz9XxORvD4tuKNgVUg\">Facebook<\/a>, <a href=\"http:\/\/www.flickr.com\/photos\/cepal\/\" data-saferedirecturl=\"https:\/\/www.google.com\/url?q=http:\/\/www.flickr.com\/photos\/cepal\/&amp;source=gmail&amp;ust=1545266276869000&amp;usg=AFQjCNE_oEA63qXUlwzTYrEEsiMPff-OQA\">Flickr<\/a>, <a href=\"http:\/\/www.youtube.com\/cepalonu\" data-saferedirecturl=\"https:\/\/www.google.com\/url?q=http:\/\/www.youtube.com\/cepalonu&amp;source=gmail&amp;ust=1545266276869000&amp;usg=AFQjCNFL6uffkg7N4_0xX_95kPl4YDPhXA\">YouTube<\/a> y <a href=\"https:\/\/plus.google.com\/u\/0\/b\/113824395314145834669\/113824395314145834669\/posts\" data-saferedirecturl=\"https:\/\/www.google.com\/url?q=https:\/\/plus.google.com\/u\/0\/b\/113824395314145834669\/113824395314145834669\/posts&amp;source=gmail&amp;ust=1545266276869000&amp;usg=AFQjCNGOaRp2DGDKgN_FkBgmgbG3nRGPnQ\">Google+<\/a>.<\/p>\n","protected":false},"excerpt":{"rendered":"<p>La Comisi\u00f3n Econ\u00f3mica para Am\u00e9rica Latina y el Caribe (CEPAL) presentar\u00e1 el jueves 20 de diciembre su Balance Preliminar de las Econom\u00edas de Am\u00e9rica Latina y el Caribe 2018, publicaci\u00f3n en la que actualizar\u00e1 sus estimaciones de crecimiento para los pa\u00edses de la regi\u00f3n en el presente a\u00f1o y las proyecciones para 2019. El informe [&hellip;]<\/p>\n","protected":false},"author":2,"featured_media":4026,"comment_status":"closed","ping_status":"open","sticky":false,"template":"","format":"standard","meta":[],"categories":[1630,140,2],"tags":[1319,210,206,1027,209,1026,4648],"wppr_data":[],"_links":{"self":[{"href":"https:\/\/www.notaoficial.com\/s\/wp-json\/wp\/v2\/posts\/4025"}],"collection":[{"href":"https:\/\/www.notaoficial.com\/s\/wp-json\/wp\/v2\/posts"}],"about":[{"href":"https:\/\/www.notaoficial.com\/s\/wp-json\/wp\/v2\/types\/post"}],"author":[{"embeddable":true,"href":"https:\/\/www.notaoficial.com\/s\/wp-json\/wp\/v2\/users\/2"}],"replies":[{"embeddable":true,"href":"https:\/\/www.notaoficial.com\/s\/wp-json\/wp\/v2\/comments?post=4025"}],"version-history":[{"count":1,"href":"https:\/\/www.notaoficial.com\/s\/wp-json\/wp\/v2\/posts\/4025\/revisions"}],"predecessor-version":[{"id":4027,"href":"https:\/\/www.notaoficial.com\/s\/wp-json\/wp\/v2\/posts\/4025\/revisions\/4027"}],"wp:featuredmedia":[{"embeddable":true,"href":"https:\/\/www.notaoficial.com\/s\/wp-json\/wp\/v2\/media\/4026"}],"wp:attachment":[{"href":"https:\/\/www.notaoficial.com\/s\/wp-json\/wp\/v2\/media?parent=4025"}],"wp:term":[{"taxonomy":"category","embeddable":true,"href":"https:\/\/www.notaoficial.com\/s\/wp-json\/wp\/v2\/categories?post=4025"},{"taxonomy":"post_tag","embeddable":true,"href":"https:\/\/www.notaoficial.com\/s\/wp-json\/wp\/v2\/tags?post=4025"}],"curies":[{"name":"wp","href":"https:\/\/api.w.org\/{rel}","templated":true}]}}