{"id":4034,"date":"2018-12-19T20:33:25","date_gmt":"2018-12-20T00:33:25","guid":{"rendered":"http:\/\/www.notaoficial.com\/s\/?p=4034"},"modified":"2018-12-19T20:33:25","modified_gmt":"2018-12-20T00:33:25","slug":"revista-cepal-ya-esta-disponible-en-internet-con-estudios-sobre-temas-relevantes-del-desarrollo-economico-y-social-de-america-latina-y-el-caribe","status":"publish","type":"post","link":"https:\/\/www.notaoficial.com\/s\/2018\/12\/19\/revista-cepal-ya-esta-disponible-en-internet-con-estudios-sobre-temas-relevantes-del-desarrollo-economico-y-social-de-america-latina-y-el-caribe\/","title":{"rendered":"Revista CEPAL ya est\u00e1 disponible en internet, con estudios sobre temas relevantes del desarrollo econ\u00f3mico y social de Am\u00e9rica Latina y el Caribe"},"content":{"rendered":"<p>Una nueva edici\u00f3n de <a href=\"http:\/\/www.cepal.org\/es\/publicaciones\/tipo\/revista-cepal\" data-saferedirecturl=\"https:\/\/www.google.com\/url?q=http:\/\/www.cepal.org\/es\/publicaciones\/tipo\/revista-cepal&amp;source=gmail&amp;ust=1545351785750000&amp;usg=AFQjCNFKuI-UT6e7a-U-2A1qmYAKfX9AYw\"><strong><em>Revista CEPAL<\/em><\/strong><\/a>, principal publicaci\u00f3n acad\u00e9mica de este organismo regional de las Naciones Unidas, ya est\u00e1 disponible desde hoy en internet. En su n\u00famero 126 (diciembre de 2018) incluye investigaciones acad\u00e9micas sobre la distribuci\u00f3n de la renta, el gobierno corporativo y deuda internacional de las empresas latinoamericanas, y las desigualdades territoriales que genera el reparto asim\u00e9trico de los ingresos provenientes de los recursos naturales no renovables de la regi\u00f3n, entre otros interesantes temas.<\/p>\n<p>La publicaci\u00f3n incluye en total 10 art\u00edculos de destacados especialistas y profesores internacionales, quienes analizan adem\u00e1s la b\u00fasqueda china de recursos naturales en Am\u00e9rica Latina, la utilizaci\u00f3n de tierras en el Amazonas, la integraci\u00f3n comercial y diversificaci\u00f3n de exportaciones entre El Salvador, Estados Unidos y Centroam\u00e9rica, el empleo informal en M\u00e9xico, los cambios en la estructura social chilena, y el d\u00e9ficit de informaci\u00f3n para la toma de decisiones a nivel local.<\/p>\n<p>Esta edici\u00f3n incluye tambi\u00e9n un editorial especial <em>In Memoriam<\/em> de Oscar Altimir, ex Director de la <strong><em>Revista CEPAL<\/em><\/strong>, fallecido recientemente.<\/p>\n<p>En su art\u00edculo titulado \u201cFactores determinantes de la reducci\u00f3n de la desigualdad en la distribuci\u00f3n de la renta en pa\u00edses de Am\u00e9rica Latina\u201d, las profesoras de la Facultad de Econom\u00eda y Empresa del Departamento de Econom\u00eda Aplicada de la Universidad de Oviedo, Espa\u00f1a, Carmen Ramos, Mercedes Alvargonz\u00e1lez y Blanca Moreno, analizan las pautas de la desigualdad de renta y los factores determinantes de su evoluci\u00f3n en pa\u00edses de Am\u00e9rica Latina durante el per\u00edodo 2004-2013.<\/p>\n<p>Mediante el uso de un modelo econom\u00e9trico de datos de panel para estudiar los factores determinantes del nivel de desigualdad, se\u00f1alan que el PIB per c\u00e1pita, el gasto sanitario per c\u00e1pita, la presi\u00f3n fiscal, la tasa de pobreza, la tasa de alfabetizaci\u00f3n y los a\u00f1os de estudio, son variables estad\u00edsticamente significativas que la explican.<\/p>\n<p>Concluyen que los pa\u00edses con una mayor desigualdad de renta en el per\u00edodo considerado son Brasil, Chile, Colombia, M\u00e9xico y Paraguay. Entre los menos desiguales se encuentran Argentina, El Salvador, Per\u00fa y Uruguay. En el resto de los pa\u00edses, la desigualdad va variando de acuerdo con las circunstancias econ\u00f3micas y sociales (tal es el caso de Bolivia, Costa Rica, Ecuador, Guatemala, Panam\u00e1 y la Rep\u00fablica Dominicana).<\/p>\n<p>Asimismo, agregan que la mayor\u00eda de los pa\u00edses ha visto disminuir el nivel de desigualdad, con la excepci\u00f3n de Costa Rica y Guatemala. Los pa\u00edses que m\u00e1s han disminuido la desigualdad en el per\u00edodo estudiado son Bolivia, Argentina, Per\u00fa y Ecuador.<\/p>\n<p>Por otro lado, en el art\u00edculo \u201cGobierno corporativo y deuda internacional de empresas latinoamericanas\u201d, Georgina N\u00fa\u00f1ez, Oficial de Asuntos Econ\u00f3micos de la Divisi\u00f3n de Desarrollo Productivo y Empresarial de la CEPAL, Ignacio Perrotini, Coordinador de Posgrado de Econom\u00eda de la Universidad Nacional Aut\u00f3noma de M\u00e9xico (UNAM), y Francisco L\u00f3pez-Herrera, Profesor e Investigador de la Facultad de Contadur\u00eda y Administraci\u00f3n de la UNAM, analizan la relaci\u00f3n entre la emisi\u00f3n de deuda corporativa y un esquema de gobierno corporativo que incide en el desarrollo de los mercados financieros a trav\u00e9s de la reducci\u00f3n de las asimetr\u00edas de informaci\u00f3n y los conflictos de inter\u00e9s.<\/p>\n<p>Para ello, examinan el mercado de deuda internacional de las empresas y eval\u00faan las normas sobre gobierno corporativo vigentes en Brasil y en los cuatro pa\u00edses del Mercado Integrado Latinoamericano (MILA), a saber, Chile, Colombia, M\u00e9xico y Per\u00fa, por medio del indicador de la CEPAL, el Banco de Desarrollo de Am\u00e9rica Latina (CAF) y el Banco Interamericano de Desarrollo (BID) relativo a la emisi\u00f3n de deuda. Los autores concluyen que un mayor nivel de cumplimiento de los principios y est\u00e1ndares de buenas pr\u00e1cticas de gobierno corporativo puede contribuir significativamente a incrementar las probabilidades de que una empresa tenga \u00e9xito al emitir bonos internacionales.<\/p>\n<p>En tanto, en el art\u00edculo \u201cDesigualdades territoriales, transferencias de igualaci\u00f3n y reparto asim\u00e9trico de recursos naturales no renovables en Am\u00e9rica Latina\u201d, Giorgio Brosio, Profesor Em\u00e9rito del Departamento de Econom\u00eda y Estad\u00edsticas de la Universidad de Torino (Italia), Juan Pablo Jim\u00e9nez, Oficial de Asuntos Econ\u00f3micos de la Divisi\u00f3n de Desarrollo Econ\u00f3mico de la CEPAL, e Ignacio Ruelas, Asistente de Investigaci\u00f3n en la misma Divisi\u00f3n del organismo, analizan c\u00f3mo los ingresos provenientes de recursos naturales no renovables podr\u00edan incluirse en las transferencias de igualaci\u00f3n -que permiten compensar en parte el reparto asim\u00e9trico de estos ingresos que realizan los gobiernos centrales a los gobiernos subnacionales de las zonas productoras exclusivamente- y de qu\u00e9 manera los pa\u00edses est\u00e1n implementando sistemas de transferencias de igualaci\u00f3n o podr\u00edan hacerlo.<\/p>\n<p>Los autores advierten que la cuesti\u00f3n de la igualaci\u00f3n de los recursos provenientes de recursos naturales no renovables presenta dificultades, ya que la igualaci\u00f3n puede llegar a ser muy costosa debido a las disparidades de ingresos y, adem\u00e1s, lleva aparejadas dificultades de \u00edndole pol\u00edtica, jur\u00eddica e incluso constitucional. Sin embargo, se trata de un asunto que no se puede pasar por alto, indican.<\/p>\n<p>En su nueva edici\u00f3n, <strong><em>Revista CEPAL<\/em><\/strong> destaca tambi\u00e9n el legado de Oscar Altimir, fallecido el 27 de septiembre de 2018, quien fuera Director de la publicaci\u00f3n entre 1996 y 2008, al suceder a sus dos primeros Directores: An\u00edbal Pinto Santa Cruz (1986-1996) y su fundador Ra\u00fal Prebisch (1976-1986). Altimir, quien ocup\u00f3 varios cargos de relevancia al interior de la CEPAL, entre ellos el de Secretario Ejecutivo Adjunto (1994-1996), tuvo una vasta trayectoria como destacado economista del desarrollo en la regi\u00f3n y se convirti\u00f3 en una de las piezas clave de esta comisi\u00f3n regional de las Naciones Unidas durante los \u00faltimos 40 a\u00f1os.<\/p>\n<p>Se recuerda a los lectores que las opiniones expresadas en los art\u00edculos publicados en la <strong><em>Revista CEPAL<\/em><\/strong> son las de los autores y no reflejan necesariamente los puntos de vista de la Comisi\u00f3n.<\/p>\n<p><strong>M\u00e1s informaci\u00f3n:<\/strong><\/p>\n<ul>\n<li>Documento completo. <strong><em><a href=\"https:\/\/www.cepal.org\/es\/publicaciones\/tipo\/revista-cepal\/126\" data-saferedirecturl=\"https:\/\/www.google.com\/url?q=https:\/\/www.cepal.org\/es\/publicaciones\/tipo\/revista-cepal\/126&amp;source=gmail&amp;ust=1545351785750000&amp;usg=AFQjCNF7C-va4aOwMUs9Ls5z27ph2xXIsQ\">Revista CEPAL N\u2070 126 (diciembre 2018)<\/a><\/em><\/strong>.<\/li>\n<li><a href=\"https:\/\/www.cepal.org\/sites\/default\/files\/gi\/files\/revistacepal-126_hojainformativa_ramos_et_al.pdf\" data-saferedirecturl=\"https:\/\/www.google.com\/url?q=https:\/\/www.cepal.org\/sites\/default\/files\/gi\/files\/revistacepal-126_hojainformativa_ramos_et_al.pdf&amp;source=gmail&amp;ust=1545351785751000&amp;usg=AFQjCNEmenPEBDCXA0StcNnJ0Qkf2aAMIw\">Hoja informativa art\u00edculo: \u201cFactores determinantes de la reducci\u00f3n de la desigualdad en la distribuci\u00f3n de la renta en pa\u00edses de Am\u00e9rica Latina\u201d<\/a>.<\/li>\n<li><a href=\"https:\/\/www.cepal.org\/sites\/default\/files\/gi\/files\/revistacepal-126_hojainformativa_nunez_et_al.pdf\" data-saferedirecturl=\"https:\/\/www.google.com\/url?q=https:\/\/www.cepal.org\/sites\/default\/files\/gi\/files\/revistacepal-126_hojainformativa_nunez_et_al.pdf&amp;source=gmail&amp;ust=1545351785751000&amp;usg=AFQjCNFt7a0RpJaH4W3hwXGei4RYkt9a7Q\">Hoja informativa art\u00edculo: \u201cGobierno corporativo y deuda internacional de empresas latinoamericanas\u201d<\/a>.<\/li>\n<li><a href=\"https:\/\/www.cepal.org\/sites\/default\/files\/gi\/files\/revistacepal-126_hojainformativa_jimenez_et_al.pdf\" data-saferedirecturl=\"https:\/\/www.google.com\/url?q=https:\/\/www.cepal.org\/sites\/default\/files\/gi\/files\/revistacepal-126_hojainformativa_jimenez_et_al.pdf&amp;source=gmail&amp;ust=1545351785751000&amp;usg=AFQjCNHY0GTsMY6yuB-Wz8pTNbYeEdt7mw\">Hoja informativa art\u00edculo: \u201cDesigualdades territoriales, transferencias de igualaci\u00f3n y reparto asim\u00e9trico de recursos naturales no renovables en Am\u00e9rica Latina\u201d<\/a>.<\/li>\n<\/ul>\n","protected":false},"excerpt":{"rendered":"<p>Una nueva edici\u00f3n de Revista CEPAL, principal publicaci\u00f3n acad\u00e9mica de este organismo regional de las Naciones Unidas, ya est\u00e1 disponible desde hoy en internet. En su n\u00famero 126 (diciembre de 2018) incluye investigaciones acad\u00e9micas sobre la distribuci\u00f3n de la renta, el gobierno corporativo y deuda internacional de las empresas latinoamericanas, y las desigualdades territoriales que [&hellip;]<\/p>\n","protected":false},"author":2,"featured_media":4035,"comment_status":"closed","ping_status":"open","sticky":false,"template":"","format":"standard","meta":[],"categories":[1630,140,2],"tags":[4667,17,4663,257,1324,1027,209,28,202,1991,4659,4657,2625,4658,4665,4664,199,4662,1503,88,10,4666,4660,4661,795],"wppr_data":[],"_links":{"self":[{"href":"https:\/\/www.notaoficial.com\/s\/wp-json\/wp\/v2\/posts\/4034"}],"collection":[{"href":"https:\/\/www.notaoficial.com\/s\/wp-json\/wp\/v2\/posts"}],"about":[{"href":"https:\/\/www.notaoficial.com\/s\/wp-json\/wp\/v2\/types\/post"}],"author":[{"embeddable":true,"href":"https:\/\/www.notaoficial.com\/s\/wp-json\/wp\/v2\/users\/2"}],"replies":[{"embeddable":true,"href":"https:\/\/www.notaoficial.com\/s\/wp-json\/wp\/v2\/comments?post=4034"}],"version-history":[{"count":1,"href":"https:\/\/www.notaoficial.com\/s\/wp-json\/wp\/v2\/posts\/4034\/revisions"}],"predecessor-version":[{"id":4036,"href":"https:\/\/www.notaoficial.com\/s\/wp-json\/wp\/v2\/posts\/4034\/revisions\/4036"}],"wp:featuredmedia":[{"embeddable":true,"href":"https:\/\/www.notaoficial.com\/s\/wp-json\/wp\/v2\/media\/4035"}],"wp:attachment":[{"href":"https:\/\/www.notaoficial.com\/s\/wp-json\/wp\/v2\/media?parent=4034"}],"wp:term":[{"taxonomy":"category","embeddable":true,"href":"https:\/\/www.notaoficial.com\/s\/wp-json\/wp\/v2\/categories?post=4034"},{"taxonomy":"post_tag","embeddable":true,"href":"https:\/\/www.notaoficial.com\/s\/wp-json\/wp\/v2\/tags?post=4034"}],"curies":[{"name":"wp","href":"https:\/\/api.w.org\/{rel}","templated":true}]}}