{"id":4054,"date":"2018-12-20T21:43:31","date_gmt":"2018-12-21T01:43:31","guid":{"rendered":"http:\/\/www.notaoficial.com\/s\/?p=4054"},"modified":"2018-12-20T20:50:30","modified_gmt":"2018-12-21T00:50:30","slug":"tarque-encabeza-junto-a-ivan-ferreiro-el-cartel-de-montgorock-xabia-festival","status":"publish","type":"post","link":"https:\/\/www.notaoficial.com\/s\/2018\/12\/20\/tarque-encabeza-junto-a-ivan-ferreiro-el-cartel-de-montgorock-xabia-festival\/","title":{"rendered":"Tarque encabeza junto a Iv\u00e1n Ferreiro el cartel de Montgorock X\u00e0bia Festival"},"content":{"rendered":"<p>La programaci\u00f3n de la s\u00e9ptima edici\u00f3n de<strong> Montgorock X\u00e0bia Festival <\/strong>que se celebra en <strong>J\u00e1vea <\/strong>los d\u00edas<strong> 10 y 11 de mayo de 2019<\/strong>,\u00a0va cogiendo forma y ya ha anunciado<strong> el segundo de sus cuatro cabezas de cartel<\/strong>. <strong>Carlos Tarque<\/strong>, un gran amigo del festival xabiense que no se ha perdido ninguna edici\u00f3n tanto encima como debajo del escenario, se convierte en nuevo cabeza de cartel con su <strong>proyecto en solitario<\/strong>, <strong>Tarque<\/strong>. Una aventura musical que emprende\u00a0despu\u00e9s de apartar por un tiempo M Clan y que aporta puro\u00a0<strong>rock and roll a la parte alta del cartel <\/strong>que de momento, y hasta que se desvelen m\u00e1s nombres, comparte con<strong>\u00a0<\/strong><strong>Iv\u00e1n Ferreiro y su\u00a0tributo a Golpes Bajos<\/strong>.<\/p>\n<p><strong>Montgorock X\u00e0bia Festival<\/strong> sigue en su af\u00e1n de <strong>componer un line up totalmente paritario<\/strong> y junto a esta nueva confirmaci\u00f3n, se anuncia tambi\u00e9n la presencia de la valenciana <strong>Neus Ferri <\/strong>que presentar\u00e1 su<strong> segundo trabajo en solitario<\/strong> \u00abCanciones de amor al odio\u00bb, un disco que ver\u00e1 la luz gracias al apoyo de sus fans. Hace unos d\u00edas tambi\u00e9n se sumaban al cartel <strong>Sex Museum<\/strong> -quienes\u00a0llevan treinta y tres a\u00f1os predicando con su <strong>rock and roll el\u00e9ctrico<\/strong>&#8211;\u00a0y <strong>Desvariados <\/strong>&#8211;<strong>rock nacional <\/strong>con influencias anglosajonas y tintes de sonido americana-.<\/p>\n<p>Ya son pues <strong>catorce artistas<\/strong> los que perfilan esta edici\u00f3n: <strong>Tarque, Iv\u00e1n Ferreiro (tributo a Golpes Bajos), Depedro, Morgan, Sex Museum, Desvariados, \u00c1ngel Stanich, Badlands, Aurora &amp; The Betrayers,\u00a0Santero y Los Muchachos, Neus Ferri, Virginia Maestro, Kitai <\/strong>y <strong>Kuve.<\/strong>\u00a0Una l\u00ednea art\u00edstica que sigue apostando por la<strong>\u00a0#EsenciaMontgorock <\/strong>con una programaci\u00f3n de\u00a0<strong>artistas nacionales del g\u00e9nero rock en todas sus variantes<\/strong>.<\/p>\n<p>Las entradas est\u00e1n\u00a0disponibles en <strong><a href=\"http:\/\/www.montgorock.es\" target=\"_blank\" rel=\"noopener\" data-saferedirecturl=\"https:\/\/www.google.com\/url?q=http:\/\/www.montgorock.es&amp;source=gmail&amp;ust=1545439034889000&amp;usg=AFQjCNETRM9oEraoBTMoT7OLq2GTNOEoDw\">www.montgorock.es<\/a> <\/strong>por <strong>35\u20ac el abono de dos d\u00edas <\/strong>y <strong>95\u20ac el abono Palco Rock<\/strong> que incluye vistas privilegiadas de los escenarios, barra libre de cerveza y cena con productos caseros y de la tierra. Por <strong>20\u20ac<\/strong> se puede sumar el acceso a la<strong> zona de acampada <\/strong>ambos d\u00edas.<\/p>\n","protected":false},"excerpt":{"rendered":"<p>La programaci\u00f3n de la s\u00e9ptima edici\u00f3n de Montgorock X\u00e0bia Festival que se celebra en J\u00e1vea los d\u00edas 10 y 11 de mayo de 2019,\u00a0va cogiendo forma y ya ha anunciado el segundo de sus cuatro cabezas de cartel. Carlos Tarque, un gran amigo del festival xabiense que no se ha perdido ninguna edici\u00f3n tanto encima [&hellip;]<\/p>\n","protected":false},"author":2,"featured_media":4055,"comment_status":"closed","ping_status":"open","sticky":false,"template":"","format":"standard","meta":[],"categories":[146],"tags":[4688,4690,4689,4682,3273,4687,4684,3274,2077,4695,4696,4692,2079,4686,4693,4691,4685,4683,4694],"wppr_data":[],"_links":{"self":[{"href":"https:\/\/www.notaoficial.com\/s\/wp-json\/wp\/v2\/posts\/4054"}],"collection":[{"href":"https:\/\/www.notaoficial.com\/s\/wp-json\/wp\/v2\/posts"}],"about":[{"href":"https:\/\/www.notaoficial.com\/s\/wp-json\/wp\/v2\/types\/post"}],"author":[{"embeddable":true,"href":"https:\/\/www.notaoficial.com\/s\/wp-json\/wp\/v2\/users\/2"}],"replies":[{"embeddable":true,"href":"https:\/\/www.notaoficial.com\/s\/wp-json\/wp\/v2\/comments?post=4054"}],"version-history":[{"count":1,"href":"https:\/\/www.notaoficial.com\/s\/wp-json\/wp\/v2\/posts\/4054\/revisions"}],"predecessor-version":[{"id":4056,"href":"https:\/\/www.notaoficial.com\/s\/wp-json\/wp\/v2\/posts\/4054\/revisions\/4056"}],"wp:featuredmedia":[{"embeddable":true,"href":"https:\/\/www.notaoficial.com\/s\/wp-json\/wp\/v2\/media\/4055"}],"wp:attachment":[{"href":"https:\/\/www.notaoficial.com\/s\/wp-json\/wp\/v2\/media?parent=4054"}],"wp:term":[{"taxonomy":"category","embeddable":true,"href":"https:\/\/www.notaoficial.com\/s\/wp-json\/wp\/v2\/categories?post=4054"},{"taxonomy":"post_tag","embeddable":true,"href":"https:\/\/www.notaoficial.com\/s\/wp-json\/wp\/v2\/tags?post=4054"}],"curies":[{"name":"wp","href":"https:\/\/api.w.org\/{rel}","templated":true}]}}