{"id":4070,"date":"2018-12-22T20:26:37","date_gmt":"2018-12-23T00:26:37","guid":{"rendered":"http:\/\/www.notaoficial.com\/s\/?p=4070"},"modified":"2018-12-22T19:28:47","modified_gmt":"2018-12-22T23:28:47","slug":"shey-cierra-el-2018-con-exito","status":"publish","type":"post","link":"https:\/\/www.notaoficial.com\/s\/2018\/12\/22\/shey-cierra-el-2018-con-exito\/","title":{"rendered":"Shey cierra el 2018 con \u00e9xito"},"content":{"rendered":"<p><strong>Desde que se lanz\u00f3 a la palestra musical, Shey no ha conocido m\u00e1s que el \u00e9xito<\/strong>. Ahora, lanz\u00f3 en redes sociales, as\u00ed como sus plataformas digitales, <strong>el tema \u201cLuz del sol\u201d, junto al talentoso Omar Koonze.<\/strong><\/p>\n<p><strong>El tema, con fusi\u00f3n de sonidos urbanos, fue escrito por el nominado al Grammy Latino, mientras que la producci\u00f3n corri\u00f3 por cuenta de Onibass, Neneto y Freddy Vilchez.<\/strong> \u201cDesde el primer momento en el que me present\u00f3 la canci\u00f3n me encant\u00f3. Es fresca y transmite una vibra muy movida y playera, creo que a\u00f1adir un tema as\u00ed a mi repertorio me va a dar un toque diferente\u201d, comenta la cantante.<\/p>\n<p>Sin embargo, para Shey no era suficiente que Omar Koonze le escribiera \u201cLuz del sol\u201d, ella quer\u00eda interpretarla con \u00e9l. \u201c<strong>Omar tiene un talento incre\u00edble para componer y hacer m\u00fasica, \u00e9sta no fue la excepci\u00f3n.<\/strong> \u00a0Pero yo no quer\u00eda cantarla sola, as\u00ed que le ped\u00ed que me acompa\u00f1ara y accedi\u00f3 sin problema\u201d, cuenta. \u201c<strong>Me hace feliz poder sacar este tema con \u00e9l, porque es de esos artistas que realmente apoya el talento nuevo<\/strong>\u201d, complementa.<\/p>\n<p><strong>Shey conoci\u00f3 este a\u00f1o el \u00e9xito en las emisoras radiales con su tema debut \u201cD\u00e9jame verte\u201d.<\/strong> El mismo cont\u00f3 con varios #1 en las carteleras musicales del pa\u00eds, vali\u00e9ndole adem\u00e1s un reconocimiento en National Report por ocupar el sitial de honor de la cartelera general por cuatro semanas consecutivas.<\/p>\n<p>Para 2019, la joven cantante viene con muchas sorpresas, m\u00e1s temas y un sinf\u00edn de proyectos. Se espera que para el mes de febrero ya est\u00e9 lanzando su siguiente sencillo promocional, que mantendr\u00e1 su sonido caracter\u00edstico, fusionando lo tropical con base electr\u00f3nica.<\/p>\n<p><strong>Para conocer cada paso de la talentosa cantante, no deje de seguirla en sus redes sociales como: @Sheymusica en Instagram y @SheyPop en Twitter.<\/strong><\/p>\n","protected":false},"excerpt":{"rendered":"<p>Desde que se lanz\u00f3 a la palestra musical, Shey no ha conocido m\u00e1s que el \u00e9xito. Ahora, lanz\u00f3 en redes sociales, as\u00ed como sus plataformas digitales, el tema \u201cLuz del sol\u201d, junto al talentoso Omar Koonze. El tema, con fusi\u00f3n de sonidos urbanos, fue escrito por el nominado al Grammy Latino, mientras que la producci\u00f3n [&hellip;]<\/p>\n","protected":false},"author":2,"featured_media":4071,"comment_status":"closed","ping_status":"open","sticky":false,"template":"","format":"standard","meta":[],"categories":[463,2],"tags":[4719,4083,4716,616,4718,4717,851],"wppr_data":[],"_links":{"self":[{"href":"https:\/\/www.notaoficial.com\/s\/wp-json\/wp\/v2\/posts\/4070"}],"collection":[{"href":"https:\/\/www.notaoficial.com\/s\/wp-json\/wp\/v2\/posts"}],"about":[{"href":"https:\/\/www.notaoficial.com\/s\/wp-json\/wp\/v2\/types\/post"}],"author":[{"embeddable":true,"href":"https:\/\/www.notaoficial.com\/s\/wp-json\/wp\/v2\/users\/2"}],"replies":[{"embeddable":true,"href":"https:\/\/www.notaoficial.com\/s\/wp-json\/wp\/v2\/comments?post=4070"}],"version-history":[{"count":1,"href":"https:\/\/www.notaoficial.com\/s\/wp-json\/wp\/v2\/posts\/4070\/revisions"}],"predecessor-version":[{"id":4072,"href":"https:\/\/www.notaoficial.com\/s\/wp-json\/wp\/v2\/posts\/4070\/revisions\/4072"}],"wp:featuredmedia":[{"embeddable":true,"href":"https:\/\/www.notaoficial.com\/s\/wp-json\/wp\/v2\/media\/4071"}],"wp:attachment":[{"href":"https:\/\/www.notaoficial.com\/s\/wp-json\/wp\/v2\/media?parent=4070"}],"wp:term":[{"taxonomy":"category","embeddable":true,"href":"https:\/\/www.notaoficial.com\/s\/wp-json\/wp\/v2\/categories?post=4070"},{"taxonomy":"post_tag","embeddable":true,"href":"https:\/\/www.notaoficial.com\/s\/wp-json\/wp\/v2\/tags?post=4070"}],"curies":[{"name":"wp","href":"https:\/\/api.w.org\/{rel}","templated":true}]}}