{"id":4099,"date":"2019-01-02T20:43:11","date_gmt":"2019-01-03T00:43:11","guid":{"rendered":"http:\/\/www.notaoficial.com\/s\/?p=4099"},"modified":"2019-01-02T14:48:07","modified_gmt":"2019-01-02T18:48:07","slug":"colette-la-mano-que-sostiene-la-pluma-escribe-la-historia","status":"publish","type":"post","link":"https:\/\/www.notaoficial.com\/s\/2019\/01\/02\/colette-la-mano-que-sostiene-la-pluma-escribe-la-historia\/","title":{"rendered":"\u201cColette\u201d: La mano que sostiene la pluma escribe la historia"},"content":{"rendered":"<p>Llega a las salas de Cines Unidos desde el pr\u00f3ximo viernes 4 de enero \u201cColette\u201d, que reaviva la nostalgia por los encantos creativos y personales de una mujer \u00a0emblema de la historia de la literatura mundial, encarnada por Keira Khightley, quien protagoniza la pel\u00edcula con su aura de mujer empoderada y adelantada a su tiempo, siendo un ejemplo para miles de chicas alrededor del mundo.<\/p>\n<p>Sidonie-Gabrielle Colette (Keira Knightley), autora de las pol\u00e9micas novelas que causaron gran revuelo en el Par\u00eds de los a\u00f1os 20 \u00abClaudine\u00bb y \u00abGigi\u00bb, pas\u00f3 de ser una joven de campo,\u00a0 a convertirse en la escritora m\u00e1s controversial\u00a0 y famosa de\u00a0 Francia. Vivi\u00f3 a la sombra de su primer esposo quien le permit\u00eda escribir, si solo \u00e9l aparec\u00eda como el autor. Es la historia de una mujer a la que un hombre autoritario le neg\u00f3 la voz, pero que luch\u00f3 para hacer conocer sus talentos, desafiando las normas de g\u00e9nero de su \u00e9poca.<\/p>\n<p>Desde su infancia provinciana, \u00a0hasta su consagraci\u00f3n en la sociedad parisina junto a su marido, el tambi\u00e9n autor Henry Gautheir-Villas \u201cWilly\u201d (Dominic West), que en un principio act\u00faa como su mentor y represor, fue firme en su determinaci\u00f3n a defender el lugar de la mujer en la sociedad.<\/p>\n<p>El buen gusto caracteriza a la direcci\u00f3n de Wash Westmoreland, al que conocimos por la cinta ganadora del premio Oscar, \u201cSiempre Alice\u201d. En esta ocasi\u00f3n, el realizador conserva sus atributos t\u00e9cnicos y art\u00edsticos para narrar un argumento dram\u00e1tico, basada en hechos reales, bajo la inspiraci\u00f3n de una aut\u00e9ntica pionera del movimiento feminista; un fen\u00f3meno tan en boga al d\u00eda de hoy gracias a los nuevos aires reivindicativos de la industria, en favor de los derechos de la mujer.<\/p>\n<p>Thomas Ad\u00e9s compone la m\u00fasica, Richard Glatzer responde por el guion y Giles Nuttgens encuadra la imagen del dise\u00f1o fotogr\u00e1fico, engranando un equipo que hace del filme un platillo ideal para entusiastas de las biograf\u00edas de personajes inspiradores. El reparto se completa con la participaci\u00f3n de Dominic West, Denise Gough, Fiona Shaw, Robert Pugh,Rebecca Root, Eleanor Tomlinson y Aiysha Hart.<\/p>\n","protected":false},"excerpt":{"rendered":"<p>Llega a las salas de Cines Unidos desde el pr\u00f3ximo viernes 4 de enero \u201cColette\u201d, que reaviva la nostalgia por los encantos creativos y personales de una mujer \u00a0emblema de la historia de la literatura mundial, encarnada por Keira Khightley, quien protagoniza la pel\u00edcula con su aura de mujer empoderada y adelantada a su tiempo, [&hellip;]<\/p>\n","protected":false},"author":2,"featured_media":4100,"comment_status":"closed","ping_status":"open","sticky":false,"template":"","format":"standard","meta":[],"categories":[4747,93,2],"tags":[4783,4770,4771,4778,4774,4782,4779,4777,4772,4773,2370,4781,4776,4780,4775],"wppr_data":[],"_links":{"self":[{"href":"https:\/\/www.notaoficial.com\/s\/wp-json\/wp\/v2\/posts\/4099"}],"collection":[{"href":"https:\/\/www.notaoficial.com\/s\/wp-json\/wp\/v2\/posts"}],"about":[{"href":"https:\/\/www.notaoficial.com\/s\/wp-json\/wp\/v2\/types\/post"}],"author":[{"embeddable":true,"href":"https:\/\/www.notaoficial.com\/s\/wp-json\/wp\/v2\/users\/2"}],"replies":[{"embeddable":true,"href":"https:\/\/www.notaoficial.com\/s\/wp-json\/wp\/v2\/comments?post=4099"}],"version-history":[{"count":1,"href":"https:\/\/www.notaoficial.com\/s\/wp-json\/wp\/v2\/posts\/4099\/revisions"}],"predecessor-version":[{"id":4101,"href":"https:\/\/www.notaoficial.com\/s\/wp-json\/wp\/v2\/posts\/4099\/revisions\/4101"}],"wp:featuredmedia":[{"embeddable":true,"href":"https:\/\/www.notaoficial.com\/s\/wp-json\/wp\/v2\/media\/4100"}],"wp:attachment":[{"href":"https:\/\/www.notaoficial.com\/s\/wp-json\/wp\/v2\/media?parent=4099"}],"wp:term":[{"taxonomy":"category","embeddable":true,"href":"https:\/\/www.notaoficial.com\/s\/wp-json\/wp\/v2\/categories?post=4099"},{"taxonomy":"post_tag","embeddable":true,"href":"https:\/\/www.notaoficial.com\/s\/wp-json\/wp\/v2\/tags?post=4099"}],"curies":[{"name":"wp","href":"https:\/\/api.w.org\/{rel}","templated":true}]}}