{"id":4168,"date":"2019-01-17T01:43:46","date_gmt":"2019-01-17T05:43:46","guid":{"rendered":"http:\/\/www.notaoficial.com\/s\/?p=4168"},"modified":"2019-01-16T19:46:21","modified_gmt":"2019-01-16T23:46:21","slug":"la-divina-pastora-envia-su-mensaje-a-traves-de-la-musica-de-eduardo-davila","status":"publish","type":"post","link":"https:\/\/www.notaoficial.com\/s\/2019\/01\/17\/la-divina-pastora-envia-su-mensaje-a-traves-de-la-musica-de-eduardo-davila\/","title":{"rendered":"La Divina Pastora env\u00eda su mensaje a trav\u00e9s de la m\u00fasica de Eduardo D\u00e1vila"},"content":{"rendered":"<p>Eduardo D\u00e1vila, flautista, saxofonista y compositor con m\u00e1s de 40 a\u00f1os de trayectoria art\u00edstica, larense de nacimiento y coraz\u00f3n, le dedica un tema a la Divina Pastora para cumplirle una promesa, y en el marco de sus fiestas patronales, siguiendo el llamado espiritual de la Santa Madre de Dios para transmitir un mensaje de paz, uni\u00f3n y esperanza. Se trata de un golpe nuevo larense titulado \u201cDivina Pastora\u201d, como homenaje a la patrona del estado Lara y una de las advocaciones marianas que m\u00e1s seguidores tiene en todo el mundo.<\/p>\n<p>Este canto nace en un momento hist\u00f3rico de muchas tensiones en Venezuela. El barquisimetano Eduardo D\u00e1vila le hace una promesa a la Divina Pastora por la paz del pa\u00eds y por la cura de siente familiares enfermos, algunos de ellos de gravedad. La Virgen escuch\u00f3 sus plegar\u00edas y los san\u00f3 a todos. En agradecimiento, decidi\u00f3 escribirle una letan\u00eda a 4 d\u00e9cimas y su hermano, R\u00f3mulo Jos\u00e9, le escribi\u00f3 el estribillo.<\/p>\n<p>Un a\u00f1o despu\u00e9s, los beneficiarios de la promesa le propusieron a Eduardo D\u00e1vila que compusiera la m\u00fasica para la letan\u00eda que hab\u00eda escrito. Inicialmente compuso una balada jazz con el saxof\u00f3n y despu\u00e9s la transform\u00f3 en una samba brasile\u00f1a,\u00a0 todo sonaba muy bien, pero \u00e9l sent\u00eda que no ten\u00eda que ver con la tierra de procedencia de la Divina Pastora; entonces el tema pas\u00f3 a ser una tonada, pero tampoco qued\u00f3 convencido; al cuarto intento la convirti\u00f3 en gaita, entonces su amigo Gustavo Caruc\u00ed le coment\u00f3 que otra advocaci\u00f3n mariana muy popular como lo es \u201cLa Chinita\u201d ya ten\u00eda varias gaitas que han sonado. Finalmente se tom\u00f3 la decisi\u00f3n de que el ritmo apropiado fuera el golpe larense.<\/p>\n<p><strong>Para escuchar y disfrutar del tema \u201cDivina Pastora\u201d visita:<\/strong><\/p>\n<p><a href=\"https:\/\/www.youtube.com\/watch?v=ABqcTALxGvs\" data-saferedirecturl=\"https:\/\/www.google.com\/url?q=https:\/\/www.youtube.com\/watch?v%3DABqcTALxGvs&amp;source=gmail&amp;ust=1547767475562000&amp;usg=AFQjCNFLAsoWrUexaYK8O6oYCSShooskBQ\">https:\/\/www.youtube.com\/watch?v=ABqcTALxGvs<\/a><\/p>\n<p><a href=\"https:\/\/www.youtube.com\/watch?v=E8xF6bX_x4Q&amp;feature=youtu.be\" data-saferedirecturl=\"https:\/\/www.google.com\/url?q=https:\/\/www.youtube.com\/watch?v%3DE8xF6bX_x4Q%26feature%3Dyoutu.be&amp;source=gmail&amp;ust=1547767475562000&amp;usg=AFQjCNFhM5y0l3GJGdV6lFJxytAFut3MFQ\">https:\/\/www.youtube.com\/watch?v=E8xF6bX_x4Q&amp;feature=youtu.be<\/a><\/p>\n<p>\u201cCon este golpe larense la Divina Pastora nos ense\u00f1a el camino para unir a Venezuela y nos conmueve a todos por igual. Adem\u00e1s de m\u00fasico, tambi\u00e9n soy arquitecto y siempre hab\u00eda querido llevar la arquitectura a la m\u00fasica, y esta canci\u00f3n est\u00e1 llena de eso, es una arquitectura musical, para cerrar los ojos y abrir el coraz\u00f3n\u201d, expres\u00f3 Eduardo D\u00e1vila.<\/p>\n<p>La grabaci\u00f3n se hizo en la Escuela de Jazz y Canto de Caracas. El propio Eduardo se encarg\u00f3 de la grabar la voz solista, los instrumentos musicales los grab\u00f3 todos Felipe Garavito, utilizando tres cuatros, unas maracas latinas, un tam-tam brasile\u00f1o y una clave de madera. Los coros estuvieron a cargo de las hijas de Eduardo: Prisca y Marieva D\u00e1vila Payare.<\/p>\n<p>\u201cEn 2018, cuando le llev\u00e9 una maqueta del tema al padre Humberto de Santa Rosa para cumplir la promesa, le gust\u00f3 mucho, tanto que me sugiri\u00f3 que la divulgara, considerando que se pod\u00eda convertir en un justo llamado a la paz y al entendimiento que tanta falta hacen en el pa\u00eds\u201d, explic\u00f3.<\/p>\n<p>Pero la intenci\u00f3n de Eduardo D\u00e1vila va m\u00e1s all\u00e1 de\u00a0 rendir un homenaje y cumplir con su promesa; siempre tuvo a la docencia musical en su misi\u00f3n de vida, es por ello que pronto subir\u00e1 en las redes sociales y en portales especializados en m\u00fasica, tutoriales y partituras para que cualquier persona pueda aprender a tocar y cantar el tema. \u201cA medida que las personas lo escuchan, lo aprenden, lo tocan y lo cantan, se convierten en difusores de este mensaje de la Divina Pastora\u201d, resalt\u00f3 el artista.<\/p>\n<p>&nbsp;<\/p>\n","protected":false},"excerpt":{"rendered":"<p>Eduardo D\u00e1vila, flautista, saxofonista y compositor con m\u00e1s de 40 a\u00f1os de trayectoria art\u00edstica, larense de nacimiento y coraz\u00f3n, le dedica un tema a la Divina Pastora para cumplirle una promesa, y en el marco de sus fiestas patronales, siguiendo el llamado espiritual de la Santa Madre de Dios para transmitir un mensaje de paz, [&hellip;]<\/p>\n","protected":false},"author":2,"featured_media":4169,"comment_status":"closed","ping_status":"open","sticky":false,"template":"","format":"standard","meta":[],"categories":[463,2],"tags":[4944,4940,4939,4943,4942,4946,4945,4941],"wppr_data":[],"_links":{"self":[{"href":"https:\/\/www.notaoficial.com\/s\/wp-json\/wp\/v2\/posts\/4168"}],"collection":[{"href":"https:\/\/www.notaoficial.com\/s\/wp-json\/wp\/v2\/posts"}],"about":[{"href":"https:\/\/www.notaoficial.com\/s\/wp-json\/wp\/v2\/types\/post"}],"author":[{"embeddable":true,"href":"https:\/\/www.notaoficial.com\/s\/wp-json\/wp\/v2\/users\/2"}],"replies":[{"embeddable":true,"href":"https:\/\/www.notaoficial.com\/s\/wp-json\/wp\/v2\/comments?post=4168"}],"version-history":[{"count":1,"href":"https:\/\/www.notaoficial.com\/s\/wp-json\/wp\/v2\/posts\/4168\/revisions"}],"predecessor-version":[{"id":4170,"href":"https:\/\/www.notaoficial.com\/s\/wp-json\/wp\/v2\/posts\/4168\/revisions\/4170"}],"wp:featuredmedia":[{"embeddable":true,"href":"https:\/\/www.notaoficial.com\/s\/wp-json\/wp\/v2\/media\/4169"}],"wp:attachment":[{"href":"https:\/\/www.notaoficial.com\/s\/wp-json\/wp\/v2\/media?parent=4168"}],"wp:term":[{"taxonomy":"category","embeddable":true,"href":"https:\/\/www.notaoficial.com\/s\/wp-json\/wp\/v2\/categories?post=4168"},{"taxonomy":"post_tag","embeddable":true,"href":"https:\/\/www.notaoficial.com\/s\/wp-json\/wp\/v2\/tags?post=4168"}],"curies":[{"name":"wp","href":"https:\/\/api.w.org\/{rel}","templated":true}]}}