{"id":4223,"date":"2019-01-21T13:52:59","date_gmt":"2019-01-21T17:52:59","guid":{"rendered":"http:\/\/www.notaoficial.com\/s\/?p=4223"},"modified":"2019-01-21T12:01:07","modified_gmt":"2019-01-21T16:01:07","slug":"cedca-fomento-la-confianza-en-materia-de-conciliacion-y-arbitraje","status":"publish","type":"post","link":"https:\/\/www.notaoficial.com\/s\/2019\/01\/21\/cedca-fomento-la-confianza-en-materia-de-conciliacion-y-arbitraje\/","title":{"rendered":"CEDCA foment\u00f3 la confianza en materia de conciliaci\u00f3n y arbitraje"},"content":{"rendered":"<p>El Centro Empresarial de Conciliaci\u00f3n y Arbitraje (CEDCA) cumpli\u00f3 su principal meta planteada para el 2018, como fue hacer que la poblaci\u00f3n venezolana tenga mayor conocimiento sobre los m\u00e9todos de justicia alternativa, que permiten solucionar conflictos a trav\u00e9s de la conciliaci\u00f3n y el arbitraje.<\/p>\n<p>Mar\u00eda Alejandra Gonz\u00e1lez Y\u00e1nez, Directora Ejecutiva del CEDCA, se\u00f1al\u00f3 que, a pesar de ser un <em>a\u00f1o<\/em> de muchos retos, se logr\u00f3 fomentar la confianza en estos mecanismos como v\u00edas alternativas pero muy efectivas, para la resoluci\u00f3n de controversias comerciales nacionales e internacionales.<\/p>\n<p>Resalt\u00f3 que durante este per\u00edodo se hicieron muchos esfuerzos para posicionar al Centro en la comunidad de negocios del pa\u00eds, lo cual hoy pueden contabilizar tambi\u00e9n entre los objetivos alcanzados, haciendo \u00e9nfasis en los talleres de formaci\u00f3n, actividades realizadas con los medios de comunicaci\u00f3n y el aumento de seguidores en las redes sociales de la instituci\u00f3n.<\/p>\n<p>\u201cLa gente ya sabe que existe un centro involucrado en resolver conflictos mediante el arbitraje y la conciliaci\u00f3n, y tiene mayor consciencia de lo que significan estos medios, su rapidez y eficiencia, lo que ha hecho que muchas empresas tengan una percepci\u00f3n distinta sobre ellos\u201d, indic\u00f3.<\/p>\n<p>Con respecto a los casos comerciales resueltos en los 19 a\u00f1os del Centro, la Directora Ejecutiva del CEDCA, indic\u00f3 que los m\u00e1s relevantes se relacionan con los sectores de banca y finanzas (33%), arrendamiento (22%), inmobiliario (11%) y de bienes y servicios (5%), entre otros menos frecuentes como familia, hidrocarburos, mercando de capitales y sociedades.<\/p>\n<p><strong>Perspectivas 2019<\/strong><\/p>\n<p>En cuanto a los planes y expectativas para el pr\u00f3ximo <em>a\u00f1o<\/em>, Gonz\u00e1lez Y\u00e1nez indic\u00f3 que se proponen continuar promocionando los servicios del CEDCA, incrementar el n\u00famero de talleres formativos, e integrar nuevos m\u00e9todos de resoluci\u00f3n de conflictos como el <em>Dispute Board<\/em>, enfocado hacia el sector de la construcci\u00f3n.<\/p>\n<p>La abogada coment\u00f3 que se encuentran en conversaciones con importantes universidades del pa\u00eds, con miras a establecer diversas alianzas para impartir talleres y formaci\u00f3n acad\u00e9mica a graduados, estudiantes de pregrado y postgrado, que les den herramientas para utilizar correctamente estos mecanismos alternativos de resoluci\u00f3n de conflictos.<\/p>\n<p>Otros de sus proyectos es el lanzamiento de la tercera memoria arbitral que recopilar\u00e1 los laudos arbitrales m\u00e1s importantes emitidos por tribunales constituidos conforme al Reglamento CEDCA hasta el 2017, con motivo de su 20 aniversario, y continuar la divulgaci\u00f3n trimestral de la Revista de Medios Alternativos de Resoluci\u00f3n de Conflictos (MARC) realizada en colaboraci\u00f3n con el Comit\u00e9 de Arbitraje de VenAmCham.<\/p>\n<p>Por \u00faltimo, y no menos importante, agreg\u00f3 que gracias a la sentencia dictada por la Sala Constitucional del Tribunal Supremo de Justicia (TSJ), en fecha 18 de octubre de 2018, a prop\u00f3sito de la desaplicaci\u00f3n del art\u00edculo 41, literal J. del Decreto con Rango, Valor y Fuerza de Ley de Regulaci\u00f3n del Arrendamiento Inmobiliario para el Uso Comercial, se ratific\u00f3 la constitucionalidad del arbitraje como medio alternativo para resolver conflictos relacionados con locales comerciales, lo que sin duda generar\u00e1 un mercado m\u00e1s amplio en este sector.<\/p>\n<p>Para conocer m\u00e1s sobre el Centro Empresarial de Conciliaci\u00f3n y Arbitraje (CEDCA) y sus servicios, puede consultar la p\u00e1gina web: <a href=\"https:\/\/www.cedca.org.ve\">https:\/\/www.cedca.org.ve<\/a>, o seguirlos en sus redes sociales, Twitter e Instagram @cedcaorg, Linkedin o Facebook como @CEDCA.<\/p>\n","protected":false},"excerpt":{"rendered":"<p>El Centro Empresarial de Conciliaci\u00f3n y Arbitraje (CEDCA) cumpli\u00f3 su principal meta planteada para el 2018, como fue hacer que la poblaci\u00f3n venezolana tenga mayor conocimiento sobre los m\u00e9todos de justicia alternativa, que permiten solucionar conflictos a trav\u00e9s de la conciliaci\u00f3n y el arbitraje. Mar\u00eda Alejandra Gonz\u00e1lez Y\u00e1nez, Directora Ejecutiva del CEDCA, se\u00f1al\u00f3 que, a [&hellip;]<\/p>\n","protected":false},"author":2,"featured_media":4224,"comment_status":"closed","ping_status":"open","sticky":false,"template":"","format":"standard","meta":[],"categories":[2710,140,2],"tags":[2712,2711,5034,2715,5035,2714],"wppr_data":[],"_links":{"self":[{"href":"https:\/\/www.notaoficial.com\/s\/wp-json\/wp\/v2\/posts\/4223"}],"collection":[{"href":"https:\/\/www.notaoficial.com\/s\/wp-json\/wp\/v2\/posts"}],"about":[{"href":"https:\/\/www.notaoficial.com\/s\/wp-json\/wp\/v2\/types\/post"}],"author":[{"embeddable":true,"href":"https:\/\/www.notaoficial.com\/s\/wp-json\/wp\/v2\/users\/2"}],"replies":[{"embeddable":true,"href":"https:\/\/www.notaoficial.com\/s\/wp-json\/wp\/v2\/comments?post=4223"}],"version-history":[{"count":1,"href":"https:\/\/www.notaoficial.com\/s\/wp-json\/wp\/v2\/posts\/4223\/revisions"}],"predecessor-version":[{"id":4225,"href":"https:\/\/www.notaoficial.com\/s\/wp-json\/wp\/v2\/posts\/4223\/revisions\/4225"}],"wp:featuredmedia":[{"embeddable":true,"href":"https:\/\/www.notaoficial.com\/s\/wp-json\/wp\/v2\/media\/4224"}],"wp:attachment":[{"href":"https:\/\/www.notaoficial.com\/s\/wp-json\/wp\/v2\/media?parent=4223"}],"wp:term":[{"taxonomy":"category","embeddable":true,"href":"https:\/\/www.notaoficial.com\/s\/wp-json\/wp\/v2\/categories?post=4223"},{"taxonomy":"post_tag","embeddable":true,"href":"https:\/\/www.notaoficial.com\/s\/wp-json\/wp\/v2\/tags?post=4223"}],"curies":[{"name":"wp","href":"https:\/\/api.w.org\/{rel}","templated":true}]}}