{"id":4241,"date":"2019-01-22T21:07:53","date_gmt":"2019-01-23T01:07:53","guid":{"rendered":"http:\/\/www.notaoficial.com\/s\/?p=4241"},"modified":"2019-01-22T18:13:19","modified_gmt":"2019-01-22T22:13:19","slug":"dar-propone-herramientas-para-generar-tiempos-de-progreso","status":"publish","type":"post","link":"https:\/\/www.notaoficial.com\/s\/2019\/01\/22\/dar-propone-herramientas-para-generar-tiempos-de-progreso\/","title":{"rendered":"DAR propone herramientas para generar tiempos de progreso"},"content":{"rendered":"<p>El pasado 17 de enero, en las instalaciones del Hotel JW Marriott de Caracas, Maickel Melamed (co-fundador de DAR) junto a Daniel Cisneros (CEO de CANVAS), Juan Jos\u00e9 Pocaterra (CEO de Vikua) y Geraldine \u00c1lvarez (CEO de Luz Caravallo) reunieron a distintas personalidades, empresas y emprendimientos venezolanos para presentar una metodolog\u00eda creada por DAR que tiene como prop\u00f3sito generar transformaciones profundas en las organizaciones para fortalecer y consolidar el ecosistema empresarial del pa\u00eds durante 2019.<\/p>\n<p>El evento, titulado \u201cVoces de evoluci\u00f3n\u201d, tuvo la participaci\u00f3n de Lu\u00eds Vicente Garc\u00eda de Venamcham, quien reflexion\u00f3 sobre la importancia de los errores y la evoluci\u00f3n en las organizaciones. Para continuar con la tem\u00e1tica, Daniel Cisneros comparti\u00f3 parte de su experiencia con CANVAS, una f\u00e1brica de etiquetas que espera transformarse en una estructura abierta al p\u00fablico para germinar ideas. A su vez, propuso informaci\u00f3n sobre tendencias, escenarios, recomendaciones y t\u00e1cticas hacia el futuro local y global.<\/p>\n<p>M\u00e1s adelante, Juan Jos\u00e9 Pocaterra, que desde Vikua impulsa ciudades inteligentes para la regi\u00f3n, ofreci\u00f3 herramientas para optimizar la influencia y el impacto para quienes desean emprender o liderar organizaciones. Para finalizar el encuentro, Geraldine \u00c1lvarez, emprendedora de moda, mencion\u00f3 la importancia de la transformaci\u00f3n de las empresas y como ese proceso puede ser un valor de empoderamiento para diferentes grupos econ\u00f3micos y sociales.<\/p>\n<p>\u201cHoy el plan es representar a Venezuela. Donde vayamos representamos esencia, representamos al pa\u00eds. Hoy en d\u00eda, trabajar en tu pa\u00eds es trabajar en el mundo, es llevar tu bandera a d\u00f3nde vas. Aquel que no crea que pueda impactar, es aquel que cree que no puede vivir\u201d afirm\u00f3 Melamed antes de dar entrada a los ponentes quienes tambi\u00e9n compartir\u00edan con los asistentes como la aplicaci\u00f3n de esta metodolog\u00eda impact\u00f3 en sus organizaciones.<\/p>\n<p>Los asistentes realizaron din\u00e1micas donde practicaron la formulaci\u00f3n de la metodolog\u00eda y compartieron ideas y mesas de trabajo con colaboradores de distintos rubros, con la esencia de la organizaci\u00f3n a la que forman parte.<\/p>\n<p><strong>Sobre DAR<\/strong><br \/>\nDAR es una empresa con base en Venezuela y M\u00e9xico para toda la regi\u00f3n Latinoamericana. Brinda la oportunidad de transformar las organizaciones en tribus aut\u00e9nticas, liberando su potencial humano, garantiz\u00e1ndoles caminos hacia la productividad y sustentabilidad de sus resultados como la \u00f3ptima felicidad de sus colaboradores involucrados.<\/p>\n<p>DAR presenta una metodolog\u00eda que abarca la definici\u00f3n de su Identidad, la optimizaci\u00f3n de la Influencia interna y la maximizaci\u00f3n de su Impacto.<\/p>\n<p>Para estar enterado de los pr\u00f3ximos pasos de la organizaci\u00f3n, puedes conseguirlos en redes sociales como @dar_corp.<\/p>\n","protected":false},"excerpt":{"rendered":"<p>El pasado 17 de enero, en las instalaciones del Hotel JW Marriott de Caracas, Maickel Melamed (co-fundador de DAR) junto a Daniel Cisneros (CEO de CANVAS), Juan Jos\u00e9 Pocaterra (CEO de Vikua) y Geraldine \u00c1lvarez (CEO de Luz Caravallo) reunieron a distintas personalidades, empresas y emprendimientos venezolanos para presentar una metodolog\u00eda creada por DAR que [&hellip;]<\/p>\n","protected":false},"author":2,"featured_media":4242,"comment_status":"closed","ping_status":"open","sticky":false,"template":"","format":"standard","meta":[],"categories":[5055,140,2],"tags":[5060,49,5057,5056,5058,1535,1530,5059,3725,2714],"wppr_data":[],"_links":{"self":[{"href":"https:\/\/www.notaoficial.com\/s\/wp-json\/wp\/v2\/posts\/4241"}],"collection":[{"href":"https:\/\/www.notaoficial.com\/s\/wp-json\/wp\/v2\/posts"}],"about":[{"href":"https:\/\/www.notaoficial.com\/s\/wp-json\/wp\/v2\/types\/post"}],"author":[{"embeddable":true,"href":"https:\/\/www.notaoficial.com\/s\/wp-json\/wp\/v2\/users\/2"}],"replies":[{"embeddable":true,"href":"https:\/\/www.notaoficial.com\/s\/wp-json\/wp\/v2\/comments?post=4241"}],"version-history":[{"count":1,"href":"https:\/\/www.notaoficial.com\/s\/wp-json\/wp\/v2\/posts\/4241\/revisions"}],"predecessor-version":[{"id":4243,"href":"https:\/\/www.notaoficial.com\/s\/wp-json\/wp\/v2\/posts\/4241\/revisions\/4243"}],"wp:featuredmedia":[{"embeddable":true,"href":"https:\/\/www.notaoficial.com\/s\/wp-json\/wp\/v2\/media\/4242"}],"wp:attachment":[{"href":"https:\/\/www.notaoficial.com\/s\/wp-json\/wp\/v2\/media?parent=4241"}],"wp:term":[{"taxonomy":"category","embeddable":true,"href":"https:\/\/www.notaoficial.com\/s\/wp-json\/wp\/v2\/categories?post=4241"},{"taxonomy":"post_tag","embeddable":true,"href":"https:\/\/www.notaoficial.com\/s\/wp-json\/wp\/v2\/tags?post=4241"}],"curies":[{"name":"wp","href":"https:\/\/api.w.org\/{rel}","templated":true}]}}