{"id":4297,"date":"2019-01-26T23:50:34","date_gmt":"2019-01-27T03:50:34","guid":{"rendered":"http:\/\/www.notaoficial.com\/s\/?p=4297"},"modified":"2019-01-26T20:55:17","modified_gmt":"2019-01-27T00:55:17","slug":"dar-se-propone-acompanar-a-la-empresa-del-futuro-este-2019","status":"publish","type":"post","link":"https:\/\/www.notaoficial.com\/s\/2019\/01\/26\/dar-se-propone-acompanar-a-la-empresa-del-futuro-este-2019\/","title":{"rendered":"DAR se propone acompa\u00f1ar a la empresa del futuro este 2019"},"content":{"rendered":"<p>El 17 de enero en las instalaciones del Hotel Marriott Caracas, DAR presentar\u00e1 de la mano de Maickel Melamed (Co-fundador de DAR), Daniel Cisneros (CEO de CANVAS), Juan Jos\u00e9 Pocaterra (CEO de Vikua) y Geraldine \u00c1lvarez (Directora de Luz Caravallo) \u00a0\u2018\u2019Voces de evoluci\u00f3n\u201d, un evento a trav\u00e9s del cual contar\u00e1n la experiencia que se ha vivido en sus organizaciones develando su identidad propia, construyendo tribus aut\u00e9nticas y asentando las bases para que su impacto est\u00e9 alineado con su prop\u00f3sito como organizaci\u00f3n.<\/p>\n<p>DAR es un proyecto que ha venido brindando asesor\u00edas, conferencias y talleres de alto impacto para la evoluci\u00f3n de organizaciones en distintos emprendimientos de Latinoam\u00e9rica, enfoc\u00e1ndose en trabajar transformaciones profundas con una metodolog\u00eda innovadora ideada por ellos denominada identidad cultural.\u00a0 Su prop\u00f3sito hoy es acompa\u00f1ar al empresariado venezolano a producir bienestar y prosperidad para el pa\u00eds, ayudando de esta forma a fortalecer y consolidar el ecosistema de emprendimiento para generar una gesti\u00f3n de continuidad que brinde un verdadero impacto sostenible en la poblaci\u00f3n.<\/p>\n<p>En el evento los asistentes podr\u00e1n aprender a formular y potenciar su identidad corporativa a trav\u00e9s de la metodolog\u00eda mencionada, adem\u00e1s de disfrutar de t\u00e1cticas sobre influencia e impacto, concluyendo con ejercicios pr\u00e1cticos para aplicar el proceso dictado.<br \/>\n\u00abEn voces de evoluci\u00f3n van a encontrar las tendencias que pueden ser fenomenales y fundamentales para emprender un 2019 que se viene desafiante pero que tiene d\u00edas para que el desaf\u00edo se transforme en emoci\u00f3n y \u00e9xito. Adem\u00e1s van a encontrar energ\u00eda de personajes exitosos que han aplicado la metodolog\u00eda y est\u00e1n entusiasmados emprendiendo en el pa\u00eds y para el pa\u00eds\u00bb afirm\u00f3 Melamed.<\/p>\n<p>El evento es totalmente gratuito con cupos limitados, para asistir los interesados deber\u00e1n enviar un correo a <a href=\"mailto:info@dar.international\" target=\"_blank\" rel=\"noopener\">info@dar.international<\/a> describiendo su emprendimiento y la raz\u00f3n por las que les gustar\u00eda asistir; tambi\u00e9n en las redes sociales del proyecto @Dar_corp podr\u00e1n conseguir m\u00e1s informaci\u00f3n.<\/p>\n","protected":false},"excerpt":{"rendered":"<p>El 17 de enero en las instalaciones del Hotel Marriott Caracas, DAR presentar\u00e1 de la mano de Maickel Melamed (Co-fundador de DAR), Daniel Cisneros (CEO de CANVAS), Juan Jos\u00e9 Pocaterra (CEO de Vikua) y Geraldine \u00c1lvarez (Directora de Luz Caravallo) \u00a0\u2018\u2019Voces de evoluci\u00f3n\u201d, un evento a trav\u00e9s del cual contar\u00e1n la experiencia que se ha [&hellip;]<\/p>\n","protected":false},"author":2,"featured_media":4298,"comment_status":"closed","ping_status":"open","sticky":false,"template":"","format":"standard","meta":[],"categories":[5055,140,2],"tags":[5060,5057,5056,5058,1530,3725,5153],"wppr_data":[],"_links":{"self":[{"href":"https:\/\/www.notaoficial.com\/s\/wp-json\/wp\/v2\/posts\/4297"}],"collection":[{"href":"https:\/\/www.notaoficial.com\/s\/wp-json\/wp\/v2\/posts"}],"about":[{"href":"https:\/\/www.notaoficial.com\/s\/wp-json\/wp\/v2\/types\/post"}],"author":[{"embeddable":true,"href":"https:\/\/www.notaoficial.com\/s\/wp-json\/wp\/v2\/users\/2"}],"replies":[{"embeddable":true,"href":"https:\/\/www.notaoficial.com\/s\/wp-json\/wp\/v2\/comments?post=4297"}],"version-history":[{"count":1,"href":"https:\/\/www.notaoficial.com\/s\/wp-json\/wp\/v2\/posts\/4297\/revisions"}],"predecessor-version":[{"id":4299,"href":"https:\/\/www.notaoficial.com\/s\/wp-json\/wp\/v2\/posts\/4297\/revisions\/4299"}],"wp:featuredmedia":[{"embeddable":true,"href":"https:\/\/www.notaoficial.com\/s\/wp-json\/wp\/v2\/media\/4298"}],"wp:attachment":[{"href":"https:\/\/www.notaoficial.com\/s\/wp-json\/wp\/v2\/media?parent=4297"}],"wp:term":[{"taxonomy":"category","embeddable":true,"href":"https:\/\/www.notaoficial.com\/s\/wp-json\/wp\/v2\/categories?post=4297"},{"taxonomy":"post_tag","embeddable":true,"href":"https:\/\/www.notaoficial.com\/s\/wp-json\/wp\/v2\/tags?post=4297"}],"curies":[{"name":"wp","href":"https:\/\/api.w.org\/{rel}","templated":true}]}}