{"id":4300,"date":"2019-01-27T01:56:17","date_gmt":"2019-01-27T05:56:17","guid":{"rendered":"http:\/\/www.notaoficial.com\/s\/?p=4300"},"modified":"2019-01-26T21:00:05","modified_gmt":"2019-01-27T01:00:05","slug":"kaotiko-anuncia-las-primeras-fechas-de-la-gira-de-presentacion-de-su-nuevo-album-aprende-violencia","status":"publish","type":"post","link":"https:\/\/www.notaoficial.com\/s\/2019\/01\/27\/kaotiko-anuncia-las-primeras-fechas-de-la-gira-de-presentacion-de-su-nuevo-album-aprende-violencia\/","title":{"rendered":"KAOTIKO anuncia las primeras fechas de la gira de presentaci\u00f3n de su nuevo \u00e1lbum \u00abAprende Violencia\u00bb"},"content":{"rendered":"<p align=\"justify\"><span style=\"font-size: small;\">Ya han pasado tres a\u00f1os desde que <b>KAOTIKO<\/b> grabara su anterior \u00e1lbum <b>\u00abSindicato Del Crimen\u00bb<\/b>. Un disco con el que la banda ha recorrido m\u00e1s de 100 escenarios, muchas localidades y festivales.<\/span><\/p>\n<p align=\"justify\"><span style=\"font-size: small;\">Desde mediados de 2017, no obstante, el grupo ya comenzaba a trabajar en nuevo material, a forjar las ideas que ten\u00edan y aportar nuevas para su pr\u00f3ximo trabajo.<\/span><\/p>\n<p align=\"justify\"><span style=\"font-size: small;\">Ahora, con<b> \u201cAprende Violencia\u201d<\/b>, se puede confirmar que, con este nuevo disco,<b> KAOTIKO<\/b> da un paso m\u00e1s en su m\u00fasica y va mucho m\u00e1s all\u00e1 que en sus anteriores trabajos. Sin duda, el grupo vuelve a superarse, mezclando y combinando su estilo punk-rock cl\u00e1sico con un sonido m\u00e1s actual, fresco y oscuro. La producci\u00f3n de ha corrido a cargo de <b>Haritz Harreguy<\/b>. Este trabajo est\u00e1 repleto de armon\u00edas, potencia y melod\u00edas, y las letras empastan perfectamente con la m\u00fasica, lo que genera que cada tema te enganche a la primera escucha.<\/span><\/p>\n<p align=\"justify\"><span style=\"font-size: small;\"><b>\u201cAprende Violencia\u201d<\/b>, te pondr\u00e1 la piel de gallina y te har\u00e1 apretar los dientes desde el primer segundo.<\/span><\/p>\n<p align=\"center\"><span style=\"font-size: medium;\"><b>:: GIRA &#8216;APRENDE VIOLENCIA&#8217; DE KAOTIKO ::<\/b><\/span><\/p>\n<p align=\"center\"><span style=\"font-size: small;\">22 Febrero\u00a0&#8211; <b>LE\u00d3N<\/b><br \/>\n23 Febrero\u00a0&#8211; <b>SALAMANCA<\/b><br \/>\n01 Marzo\u00a0&#8211; <b>VALENCIA<\/b><br \/>\n02 Marzo\u00a0&#8211; <b>MADRID<\/b><br \/>\n08 Marzo\u00a0&#8211; <b>BARCELONA<\/b><br \/>\n09 Marzo\u00a0&#8211; <b>ZARAGOZA<\/b><br \/>\n16 Marzo\u00a0&#8211; <b>LA RIOJA (Arrubal)<\/b><br \/>\n22 Marzo\u00a0&#8211; <b>VALLADOLID<\/b><br \/>\n23 Marzo\u00a0&#8211; <b>BILBAO<\/b><br \/>\n05 Abril\u00a0&#8211; <b>SANTIAGO<\/b><br \/>\n06 Abril\u00a0&#8211; <b>TERUEL (Sarri\u00f3n)<\/b><br \/>\n13 Abril\u00a0&#8211; <b>SORIA (Olvega)<\/b><br \/>\n11 Mayo\u00a0&#8211; <b>DONOSTIA<\/b><\/span><\/p>\n<p align=\"center\"><span style=\"font-size: small;\"><b>Venta de entradas:<\/b> <a href=\"https:\/\/www.wegow.com\/artistas\/kaotiko\/\" target=\"_blank\" rel=\"noopener\" data-saferedirecturl=\"https:\/\/www.google.com\/url?q=https:\/\/www.wegow.com\/artistas\/kaotiko\/&amp;source=gmail&amp;ust=1548635698521000&amp;usg=AFQjCNH-0ZOKebKgP4YOZBhhuDSV4pMmXQ\">https:\/\/www.wegow.com\/<wbr \/>artistas\/kaotiko\/<\/a><\/span><\/p>\n","protected":false},"excerpt":{"rendered":"<p>Ya han pasado tres a\u00f1os desde que KAOTIKO grabara su anterior \u00e1lbum \u00abSindicato Del Crimen\u00bb. Un disco con el que la banda ha recorrido m\u00e1s de 100 escenarios, muchas localidades y festivales. Desde mediados de 2017, no obstante, el grupo ya comenzaba a trabajar en nuevo material, a forjar las ideas que ten\u00edan y aportar [&hellip;]<\/p>\n","protected":false},"author":2,"featured_media":4289,"comment_status":"closed","ping_status":"open","sticky":false,"template":"","format":"standard","meta":[],"categories":[146],"tags":[4714,4715,4713,1204,381,4046,3076,5116,5154,1208],"wppr_data":[],"_links":{"self":[{"href":"https:\/\/www.notaoficial.com\/s\/wp-json\/wp\/v2\/posts\/4300"}],"collection":[{"href":"https:\/\/www.notaoficial.com\/s\/wp-json\/wp\/v2\/posts"}],"about":[{"href":"https:\/\/www.notaoficial.com\/s\/wp-json\/wp\/v2\/types\/post"}],"author":[{"embeddable":true,"href":"https:\/\/www.notaoficial.com\/s\/wp-json\/wp\/v2\/users\/2"}],"replies":[{"embeddable":true,"href":"https:\/\/www.notaoficial.com\/s\/wp-json\/wp\/v2\/comments?post=4300"}],"version-history":[{"count":1,"href":"https:\/\/www.notaoficial.com\/s\/wp-json\/wp\/v2\/posts\/4300\/revisions"}],"predecessor-version":[{"id":4301,"href":"https:\/\/www.notaoficial.com\/s\/wp-json\/wp\/v2\/posts\/4300\/revisions\/4301"}],"wp:featuredmedia":[{"embeddable":true,"href":"https:\/\/www.notaoficial.com\/s\/wp-json\/wp\/v2\/media\/4289"}],"wp:attachment":[{"href":"https:\/\/www.notaoficial.com\/s\/wp-json\/wp\/v2\/media?parent=4300"}],"wp:term":[{"taxonomy":"category","embeddable":true,"href":"https:\/\/www.notaoficial.com\/s\/wp-json\/wp\/v2\/categories?post=4300"},{"taxonomy":"post_tag","embeddable":true,"href":"https:\/\/www.notaoficial.com\/s\/wp-json\/wp\/v2\/tags?post=4300"}],"curies":[{"name":"wp","href":"https:\/\/api.w.org\/{rel}","templated":true}]}}