{"id":4309,"date":"2019-01-29T20:15:33","date_gmt":"2019-01-30T00:15:33","guid":{"rendered":"http:\/\/www.notaoficial.com\/s\/?p=4309"},"modified":"2019-01-29T18:20:19","modified_gmt":"2019-01-29T22:20:19","slug":"cinexart-te-invita-a-celebrar-el-miercoles-de-cine-venezolano","status":"publish","type":"post","link":"https:\/\/www.notaoficial.com\/s\/2019\/01\/29\/cinexart-te-invita-a-celebrar-el-miercoles-de-cine-venezolano\/","title":{"rendered":"CinexArt te invita a celebrar el mi\u00e9rcoles de Cine Venezolano"},"content":{"rendered":"<p>Las mejores pel\u00edculas de la industria cinematogr\u00e1fica venezolana ahora tendr\u00e1n un espacio permanente en CinexArt, porque el cine nacional merece un lugar privilegiado. Esta sala alternativa, ubicada en piso 5 del Tol\u00f3n, ofrecer\u00e1 a partir del pr\u00f3ximo mi\u00e9rcoles 13 de febrero una cartelera con las pel\u00edculas que han atrapado la atenci\u00f3n del p\u00fablico y que fueron reconocidas en los diferentes festivales de cine del mundo.<\/p>\n<p>Esta experiencia, que se repetir\u00e1 cada mi\u00e9rcoles, comenzar\u00e1 con la ganadora del Goya en 2014, como Mejor Pel\u00edcula Iberoamericana, \u201c<strong>Azul y no tan rosa\u201d<\/strong> (2012), del director venezolano Miguel Ferrari, junto a un elenco de grandes actores como S\u00f3crates Serrano, Guillermo Garc\u00eda, Hilda Abrahamz y Beatriz Vald\u00e9s. Es la historia de Diego, un joven fot\u00f3grafo de moda, quien lidia con la noticia de que su pareja, Fabrizio, est\u00e1 en coma por un violento incidente, mientras intenta reestablecer una relaci\u00f3n con Ignacio, su hijo adolescente.<\/p>\n<p>Fue una de las primeras pel\u00edculas nacionales que trat\u00f3 el tema de la diversidad sexual y la tolerancia, y fue tan bien recibida por el p\u00fablico y la cr\u00edtica en el pa\u00eds, que se mantuvo en cartelera por m\u00e1s de 10 semanas con m\u00e1s de 600 mil espectadores en las salas. Adem\u00e1s recibi\u00f3 otros reconocimientos en Festivales de Espa\u00f1a, Canad\u00e1, Suiza, Francia, Ecuador y Venezuela.<\/p>\n<p>Otros t\u00edtulos dentro de la cartelera de CinexArt de los mi\u00e9rcoles son \u201cVenezuela es un Desorden\u201d (2018), el documental de la conocida banda de ska nacional Desorden P\u00fablico; \u201cCAP 2 intentos\u201d (2016), de Carlos Oteyza; \u201cNos llaman Guerreras\u201d (2018), la historia de la Vinotinto, selecci\u00f3n de f\u00fatbol femenino sub 17, entre otros.\u00a0 CinexArt tambi\u00e9n anunciar\u00e1 pr\u00f3ximamente cineforos y eventos dedicados a nutrir las opciones de entretenimiento y encuentro de la ciudad de Caracas de la mano con la propuesta gastron\u00f3mica alternativa de este espacio cultural.<\/p>\n<p>Para estar informado sobre la programaci\u00f3n, sigue en Instagram @cinexartve o consulta nuestra p\u00e1gina web <a href=\"http:\/\/www.cinex.com.ve\" data-saferedirecturl=\"https:\/\/www.google.com\/url?q=http:\/\/www.cinex.com.ve&amp;source=gmail&amp;ust=1548885366126000&amp;usg=AFQjCNFu6m6p1DeX7P8d4DZgb5REzycD0w\">www.cinex.com.ve<\/a><\/p>\n","protected":false},"excerpt":{"rendered":"<p>Las mejores pel\u00edculas de la industria cinematogr\u00e1fica venezolana ahora tendr\u00e1n un espacio permanente en CinexArt, porque el cine nacional merece un lugar privilegiado. Esta sala alternativa, ubicada en piso 5 del Tol\u00f3n, ofrecer\u00e1 a partir del pr\u00f3ximo mi\u00e9rcoles 13 de febrero una cartelera con las pel\u00edculas que han atrapado la atenci\u00f3n del p\u00fablico y que [&hellip;]<\/p>\n","protected":false},"author":2,"featured_media":4310,"comment_status":"closed","ping_status":"open","sticky":false,"template":"","format":"standard","meta":[],"categories":[258,93,2],"tags":[5159,5163,2384,5164,5165,4037,319,256,820,4202,5162,5160,5166,5161,2049,1755,15],"wppr_data":[],"_links":{"self":[{"href":"https:\/\/www.notaoficial.com\/s\/wp-json\/wp\/v2\/posts\/4309"}],"collection":[{"href":"https:\/\/www.notaoficial.com\/s\/wp-json\/wp\/v2\/posts"}],"about":[{"href":"https:\/\/www.notaoficial.com\/s\/wp-json\/wp\/v2\/types\/post"}],"author":[{"embeddable":true,"href":"https:\/\/www.notaoficial.com\/s\/wp-json\/wp\/v2\/users\/2"}],"replies":[{"embeddable":true,"href":"https:\/\/www.notaoficial.com\/s\/wp-json\/wp\/v2\/comments?post=4309"}],"version-history":[{"count":1,"href":"https:\/\/www.notaoficial.com\/s\/wp-json\/wp\/v2\/posts\/4309\/revisions"}],"predecessor-version":[{"id":4311,"href":"https:\/\/www.notaoficial.com\/s\/wp-json\/wp\/v2\/posts\/4309\/revisions\/4311"}],"wp:featuredmedia":[{"embeddable":true,"href":"https:\/\/www.notaoficial.com\/s\/wp-json\/wp\/v2\/media\/4310"}],"wp:attachment":[{"href":"https:\/\/www.notaoficial.com\/s\/wp-json\/wp\/v2\/media?parent=4309"}],"wp:term":[{"taxonomy":"category","embeddable":true,"href":"https:\/\/www.notaoficial.com\/s\/wp-json\/wp\/v2\/categories?post=4309"},{"taxonomy":"post_tag","embeddable":true,"href":"https:\/\/www.notaoficial.com\/s\/wp-json\/wp\/v2\/tags?post=4309"}],"curies":[{"name":"wp","href":"https:\/\/api.w.org\/{rel}","templated":true}]}}