{"id":4315,"date":"2019-01-30T10:29:10","date_gmt":"2019-01-30T14:29:10","guid":{"rendered":"http:\/\/www.notaoficial.com\/s\/?p=4315"},"modified":"2019-01-29T18:34:40","modified_gmt":"2019-01-29T22:34:40","slug":"vicky-gastelo-arranca-2019-con-un-estreno","status":"publish","type":"post","link":"https:\/\/www.notaoficial.com\/s\/2019\/01\/30\/vicky-gastelo-arranca-2019-con-un-estreno\/","title":{"rendered":"Vicky Gastelo arranca 2019 con un estreno"},"content":{"rendered":"<p>La artista c\u00e1ntabra presenta otro de los temas de su quinto trabajo Lo he vuelto a hacer a trav\u00e9s de un video grabado en ac\u00fastico para Sesi\u00f3n de Micros Abiertos. El tema Pensando en azul es el tercer single de un \u00e1lbum que cuenta con las colaboraciones de Carlos Go\u00f1i y Andr\u00e9s Su\u00e1rez y al que se han rendido compa\u00f1eros y amigos de profesi\u00f3n como Marwan, Rozal\u00e9n, Funambulista o Conchita, quienes definen a Gastelo como una de las mejores compositoras del pa\u00eds. En las pr\u00f3ximas semanas Vicky Gastelo actuar\u00e1 en Valencia, Santiago de Compostela, Madrid y Avil\u00e9s para presentar Lo he vuelto a hacer.<\/p>\n<p>Vicky Gastelo (Torrelavega, 1975) estren\u00f3 el pasado mes de octubre Lo he vuelto a hacer, un disco que supone una renovaci\u00f3n musical y personal de esta artista que lleva muchos a\u00f1os en la industria como int\u00e9rprete y compositora y que, a pesar de ser nombre esencial del circuito de cantautores y contar con el reconocimiento de muchos compa\u00f1eros de profesi\u00f3n, es con este \u00faltimo trabajo cuando saca la cabeza para reclamar su espacio entre el gran p\u00fablico.<\/p>\n<p>Hoy estrena Pensando en azul, el tercer corte de su quinto trabajo. Una canci\u00f3n que seg\u00fan palabras de la propia Gastelo recoge el esp\u00edritu del disco. \u00abEstaba en un mirador en Montjuic, frente al mar. Sal\u00ed de casa a pasear pero con la canci\u00f3n puesta, medio hecha a\u00fan. Estaba buscando las palabras. A m\u00ed chico le gusta pintar. Le dec\u00eda, no s\u00e9 c\u00f3mo hacer llegar estas emociones y me pregunt\u00f3, \u00bftiene colores? Y le respond\u00ed, s\u00ed, pienso todo el rato en azul.\u00bb<\/p>\n<p>Rozal\u00e9n, Conchita, Marwan, Rulo o Funambulista coinciden en definir a Vicky Gastelo como una de las mejores compositoras e int\u00e9rpretes del pa\u00eds y afirman que en Lo he vuelto a hacer se pueden encontrar estribillos perfectos y cuidadas letras.<\/p>\n<p>Vicky Gastelo presentar\u00e1 en los pr\u00f3ximos meses Lo he vuelto a hacer en concierto en Valencia, Santiago de Compostela, Madrid y Avil\u00e9s y en breve anunciar\u00e1 m\u00e1s fechas.<\/p>\n<p>Durante su extensa carrera, Vicky Gastelo ha compartido escenario con Quique Gonz\u00e1lez, Rev\u00f3lver, Rulo y La Contrabanda, Los Secretos, Andr\u00e9s Su\u00e1rez, Rub\u00e9n Pozo, Conchita, Rebeca Jim\u00e9nez, Extremoduro o Antonio Vega entre otros. Adem\u00e1s, en su faceta de compositora ha escrito canciones, letras y adaptaciones para nombres de la talla de Marta S\u00e1nchez, Mal\u00fa, M\u00f3nica Molina, Sara Connors o la puertorrique\u00f1a Ednita Nazario que con su tema Para el peor amante llega al puesto 8 de los Billboard latinos; ha participado musicalmente en campa\u00f1as publicitarias como I\u2019m Lovin it de Mc Donald\u2019s, Sprite o Cruzcampo; y ha formado parte de homenajes y veladas musicales como el 40 Aniversario de Los Secretos o el disco Cafe Libertad 8. El Templo de la Canci\u00f3n de autor, donde comparte cr\u00e9ditos con Jorge Drexler, Ismael Serrano, Rosana o Pedro Guerra entre otros.grandes amigos de la artista.<\/p>\n<p>Lo he vuelto a hacer est\u00e1 producido por Pablo Cebri\u00e1n (Manuel Carrasco) y Bori Alarc\u00f3n (Dani Mart\u00edn). Un disco que en palabras de Vicky, supone una verdadera renovaci\u00f3n musical y personal, llena de luz y energ\u00eda.<\/p>\n<p>Textos a pecho descubierto escritos desde la aceptaci\u00f3n y la convicci\u00f3n de que las cosas se van a arreglar; pedales, efectos y mucha m\u00e1s guitarra el\u00e9ctrica que de costumbre. Nuevas armas para una nueva Gastelo, m\u00e1s guerrera en lo musical y con m\u00e1s garra en lo vocal. Son palabras de Arancha Moreno directora de la revista musical Efeeme que escribe la hoja de prensa de Lo he vuelto a hacer. \u201cEl\u00e9ctrica, guerrera y honesta. Componiendo canciones desde las entra\u00f1as. Capaz de escribir los versos m\u00e1s valientes de su carrera y volver a pellizcarnos el coraz\u00f3n. Ella cree que cada uno tiene su momento, y yo, que este es el suyo\u201d.<\/p>\n","protected":false},"excerpt":{"rendered":"<p>La artista c\u00e1ntabra presenta otro de los temas de su quinto trabajo Lo he vuelto a hacer a trav\u00e9s de un video grabado en ac\u00fastico para Sesi\u00f3n de Micros Abiertos. El tema Pensando en azul es el tercer single de un \u00e1lbum que cuenta con las colaboraciones de Carlos Go\u00f1i y Andr\u00e9s Su\u00e1rez y al [&hellip;]<\/p>\n","protected":false},"author":2,"featured_media":4316,"comment_status":"closed","ping_status":"open","sticky":false,"template":"","format":"standard","meta":[],"categories":[463,2],"tags":[3653,5178,3652,3663,3661,5176,5173,1204,3660,5175,4266,5177,5174,3654],"wppr_data":[],"_links":{"self":[{"href":"https:\/\/www.notaoficial.com\/s\/wp-json\/wp\/v2\/posts\/4315"}],"collection":[{"href":"https:\/\/www.notaoficial.com\/s\/wp-json\/wp\/v2\/posts"}],"about":[{"href":"https:\/\/www.notaoficial.com\/s\/wp-json\/wp\/v2\/types\/post"}],"author":[{"embeddable":true,"href":"https:\/\/www.notaoficial.com\/s\/wp-json\/wp\/v2\/users\/2"}],"replies":[{"embeddable":true,"href":"https:\/\/www.notaoficial.com\/s\/wp-json\/wp\/v2\/comments?post=4315"}],"version-history":[{"count":1,"href":"https:\/\/www.notaoficial.com\/s\/wp-json\/wp\/v2\/posts\/4315\/revisions"}],"predecessor-version":[{"id":4317,"href":"https:\/\/www.notaoficial.com\/s\/wp-json\/wp\/v2\/posts\/4315\/revisions\/4317"}],"wp:featuredmedia":[{"embeddable":true,"href":"https:\/\/www.notaoficial.com\/s\/wp-json\/wp\/v2\/media\/4316"}],"wp:attachment":[{"href":"https:\/\/www.notaoficial.com\/s\/wp-json\/wp\/v2\/media?parent=4315"}],"wp:term":[{"taxonomy":"category","embeddable":true,"href":"https:\/\/www.notaoficial.com\/s\/wp-json\/wp\/v2\/categories?post=4315"},{"taxonomy":"post_tag","embeddable":true,"href":"https:\/\/www.notaoficial.com\/s\/wp-json\/wp\/v2\/tags?post=4315"}],"curies":[{"name":"wp","href":"https:\/\/api.w.org\/{rel}","templated":true}]}}