{"id":4318,"date":"2019-01-30T13:35:17","date_gmt":"2019-01-30T17:35:17","guid":{"rendered":"http:\/\/www.notaoficial.com\/s\/?p=4318"},"modified":"2019-01-29T18:40:41","modified_gmt":"2019-01-29T22:40:41","slug":"grupo-xtreme-regresa-en-gira-de-presentaciones","status":"publish","type":"post","link":"https:\/\/www.notaoficial.com\/s\/2019\/01\/30\/grupo-xtreme-regresa-en-gira-de-presentaciones\/","title":{"rendered":"Grupo Xtreme regresa en gira de presentaciones"},"content":{"rendered":"<p><span class=\"m_3376815936358818864module-4 m_3376815936358818864text-container\">Luego de 7 a\u00f1os sin presentarse juntos, el d\u00fao de artistas <strong>Steven Tejada<\/strong> y <strong>Danny Mej\u00eda<\/strong>, mejor conocido como el <strong>Grupo Xtreme<\/strong>, regresa a los escenarios para desarrollar esta gira que los llevar\u00e1 a diferentes ciudades de Estados Unidos y varios pa\u00edses de Am\u00e9rica y Europa.<\/span><\/p>\n<p><span class=\"m_3376815936358818864module-6 m_3376815936358818864text-container\">Este tour es organizado y presentado por la empresa JP Entertainment, quienes han confirmado la noticia de que ambos artistas se encuentran justamente en los ensayos con su banda completa y comenzar\u00e1n a girar a partir de la primera semana de febrero del presente a\u00f1o.<\/span><\/p>\n<p align=\"justify\">Xtreme se cre\u00f3 en el a\u00f1o 2003 bajo la discogr\u00e1fica SGZ Entertainment. Inicialmente, el grupo lo formaba \u00fanicamente Danny Mej\u00eda, que contaba con 17 a\u00f1os. Despu\u00e9s de numerosas audiciones y pruebas, Steven Tejada se uni\u00f3 al grupo en el 2004. Tanto Danny como Steven crecieron en el Bronx, NY y ambos son hijos de padres dominicanos inmigrantes.<\/p>\n<p align=\"justify\">El primer \u00e9xito del grupo vino con la canci\u00f3n Te extra\u00f1o de su primer disco We got next. Su segundo disco, Xtreme, puesto a la venta en 2004 y reeditado por la discogr\u00e1fica Univision Music Group en 2006, alcanz\u00f3 el n\u00famero 14 en la lista Billboard Top Latin Album.<\/p>\n<p align=\"justify\">Haciendo Historia sali\u00f3 al mercado en 2006, y ha alcanzado el n\u00famero 2 en la lista Billboard Top Latin Album. El sencillo Shorty Shorty fue el gran \u00e9xito de este disco. Otro de sus sencillos que fue un \u00e9xito es Te Tengo Aqu\u00ed, que es inspirada en una relaci\u00f3n a distancia, y de un amor casi imposible.<\/p>\n<p>&nbsp;<\/p>\n","protected":false},"excerpt":{"rendered":"<p>Luego de 7 a\u00f1os sin presentarse juntos, el d\u00fao de artistas Steven Tejada y Danny Mej\u00eda, mejor conocido como el Grupo Xtreme, regresa a los escenarios para desarrollar esta gira que los llevar\u00e1 a diferentes ciudades de Estados Unidos y varios pa\u00edses de Am\u00e9rica y Europa. Este tour es organizado y presentado por la empresa [&hellip;]<\/p>\n","protected":false},"author":2,"featured_media":4319,"comment_status":"closed","ping_status":"open","sticky":false,"template":"","format":"standard","meta":[],"categories":[146],"tags":[30,5180,484,5181,5182,5183,5184,5179],"wppr_data":[],"_links":{"self":[{"href":"https:\/\/www.notaoficial.com\/s\/wp-json\/wp\/v2\/posts\/4318"}],"collection":[{"href":"https:\/\/www.notaoficial.com\/s\/wp-json\/wp\/v2\/posts"}],"about":[{"href":"https:\/\/www.notaoficial.com\/s\/wp-json\/wp\/v2\/types\/post"}],"author":[{"embeddable":true,"href":"https:\/\/www.notaoficial.com\/s\/wp-json\/wp\/v2\/users\/2"}],"replies":[{"embeddable":true,"href":"https:\/\/www.notaoficial.com\/s\/wp-json\/wp\/v2\/comments?post=4318"}],"version-history":[{"count":1,"href":"https:\/\/www.notaoficial.com\/s\/wp-json\/wp\/v2\/posts\/4318\/revisions"}],"predecessor-version":[{"id":4320,"href":"https:\/\/www.notaoficial.com\/s\/wp-json\/wp\/v2\/posts\/4318\/revisions\/4320"}],"wp:featuredmedia":[{"embeddable":true,"href":"https:\/\/www.notaoficial.com\/s\/wp-json\/wp\/v2\/media\/4319"}],"wp:attachment":[{"href":"https:\/\/www.notaoficial.com\/s\/wp-json\/wp\/v2\/media?parent=4318"}],"wp:term":[{"taxonomy":"category","embeddable":true,"href":"https:\/\/www.notaoficial.com\/s\/wp-json\/wp\/v2\/categories?post=4318"},{"taxonomy":"post_tag","embeddable":true,"href":"https:\/\/www.notaoficial.com\/s\/wp-json\/wp\/v2\/tags?post=4318"}],"curies":[{"name":"wp","href":"https:\/\/api.w.org\/{rel}","templated":true}]}}