{"id":4330,"date":"2019-01-31T17:15:09","date_gmt":"2019-01-31T21:15:09","guid":{"rendered":"http:\/\/www.notaoficial.com\/s\/?p=4330"},"modified":"2019-01-31T17:15:09","modified_gmt":"2019-01-31T21:15:09","slug":"los-recuerdos-el-nuevo-hit-de-zacarias-ferreira","status":"publish","type":"post","link":"https:\/\/www.notaoficial.com\/s\/2019\/01\/31\/los-recuerdos-el-nuevo-hit-de-zacarias-ferreira\/","title":{"rendered":"\u201cLos Recuerdos\u201d el nuevo hit de Zacar\u00edas Ferreira"},"content":{"rendered":"<p align=\"justify\">El popular bachatero dominicano <strong>Zacar\u00edas Ferreira<\/strong> no solo termin\u00f3 el 2018 con buen pie, logrando impresionantes n\u00fameros en su carrera musical, sino que tambi\u00e9n en el 2019 arranc\u00f3 con el lanzamiento de nuevo sencillo titulado \u201cLos Recuerdos\u201d el cual desde ya cuenta con un respaldo masivo de sus fan\u00e1ticos.<\/p>\n<p align=\"justify\">\u201cLos Recuerdos\u201d fue producido por <strong>Webster Batista<\/strong>, manteniendo as\u00ed una l\u00ednea musical que ha sido clave principal para que este artista logre millones de reproducciones en sus redes sociales adem\u00e1s de miles de espectadores en sus conciertos.<\/p>\n<p align=\"justify\">Este tema tambi\u00e9n cuenta con un v\u00eddeo musical producido por <strong>Invictory Films<\/strong>, una productora cinematogr\u00e1fica colombiana, quienes Zacar\u00edas traslad\u00f3 al \u00e1rea de Time Square de Nueva York bajo las extremas temperaturas que caracterizan la zona, para lograr un excelente resultado en imagen y producci\u00f3n visual.<\/p>\n<p align=\"justify\">El v\u00eddeo se estrenar\u00e1 ma\u00f1ana mi\u00e9rcoles 30 de enero en el canal oficial de Zacar\u00edas por <a href=\"https:\/\/sable.madmimi.com\/c\/28511?id=9576663.11395.1.0d44b18cdb1f6fe3951de5e47f2b008c\" target=\"_blank\" rel=\"noopener\" data-saferedirecturl=\"https:\/\/www.google.com\/url?q=https:\/\/sable.madmimi.com\/c\/28511?id%3D9576663.11395.1.0d44b18cdb1f6fe3951de5e47f2b008c&amp;source=gmail&amp;ust=1549055522257000&amp;usg=AFQjCNE6ZJHrFTa5SiHD90r7IAJyGnpx5g\">Youtube<\/a> a las 9 de la noche hora de la Rep\u00fablica Dominicana donde el artista tambi\u00e9n tendr\u00e1 una transmisi\u00f3n en vivo contestando preguntas de sus fans.<\/p>\n<p align=\"justify\">\u201cLos Recuerdos\u201d se encuentra disponible en todas las plataformas digitales, bajo la distribuci\u00f3n de <strong>La Oreja Media Group<\/strong>, empresa que ha apostado al crecimiento y la internacionalizaci\u00f3n de este artista que cumple 20 a\u00f1os de carrera en el gusto popular, manteniendo una carrera de ascenso en cada paso.<\/p>\n<p>&nbsp;<\/p>\n","protected":false},"excerpt":{"rendered":"<p>El popular bachatero dominicano Zacar\u00edas Ferreira no solo termin\u00f3 el 2018 con buen pie, logrando impresionantes n\u00fameros en su carrera musical, sino que tambi\u00e9n en el 2019 arranc\u00f3 con el lanzamiento de nuevo sencillo titulado \u201cLos Recuerdos\u201d el cual desde ya cuenta con un respaldo masivo de sus fan\u00e1ticos. \u201cLos Recuerdos\u201d fue producido por Webster [&hellip;]<\/p>\n","protected":false},"author":2,"featured_media":4331,"comment_status":"closed","ping_status":"open","sticky":false,"template":"","format":"standard","meta":[],"categories":[146],"tags":[5207,5209,353,468,5208,5206,5205],"wppr_data":[],"_links":{"self":[{"href":"https:\/\/www.notaoficial.com\/s\/wp-json\/wp\/v2\/posts\/4330"}],"collection":[{"href":"https:\/\/www.notaoficial.com\/s\/wp-json\/wp\/v2\/posts"}],"about":[{"href":"https:\/\/www.notaoficial.com\/s\/wp-json\/wp\/v2\/types\/post"}],"author":[{"embeddable":true,"href":"https:\/\/www.notaoficial.com\/s\/wp-json\/wp\/v2\/users\/2"}],"replies":[{"embeddable":true,"href":"https:\/\/www.notaoficial.com\/s\/wp-json\/wp\/v2\/comments?post=4330"}],"version-history":[{"count":1,"href":"https:\/\/www.notaoficial.com\/s\/wp-json\/wp\/v2\/posts\/4330\/revisions"}],"predecessor-version":[{"id":4332,"href":"https:\/\/www.notaoficial.com\/s\/wp-json\/wp\/v2\/posts\/4330\/revisions\/4332"}],"wp:featuredmedia":[{"embeddable":true,"href":"https:\/\/www.notaoficial.com\/s\/wp-json\/wp\/v2\/media\/4331"}],"wp:attachment":[{"href":"https:\/\/www.notaoficial.com\/s\/wp-json\/wp\/v2\/media?parent=4330"}],"wp:term":[{"taxonomy":"category","embeddable":true,"href":"https:\/\/www.notaoficial.com\/s\/wp-json\/wp\/v2\/categories?post=4330"},{"taxonomy":"post_tag","embeddable":true,"href":"https:\/\/www.notaoficial.com\/s\/wp-json\/wp\/v2\/tags?post=4330"}],"curies":[{"name":"wp","href":"https:\/\/api.w.org\/{rel}","templated":true}]}}