{"id":4342,"date":"2019-01-31T22:27:05","date_gmt":"2019-02-01T02:27:05","guid":{"rendered":"http:\/\/www.notaoficial.com\/s\/?p=4342"},"modified":"2019-01-31T17:29:43","modified_gmt":"2019-01-31T21:29:43","slug":"cines-unidos-conmemora-el-dia-nacional-del-cine-y-reafirma-su-compromiso-con-el-talento-venezolano","status":"publish","type":"post","link":"https:\/\/www.notaoficial.com\/s\/2019\/01\/31\/cines-unidos-conmemora-el-dia-nacional-del-cine-y-reafirma-su-compromiso-con-el-talento-venezolano\/","title":{"rendered":"Cines Unidos conmemora el D\u00eda Nacional del Cine y reafirma su compromiso con el talento venezolano"},"content":{"rendered":"<p>Cada 28 de enero se celebra en Venezuela el D\u00eda Nacional del Cine. Se le hace honor a este d\u00eda ya que, hace 122 a\u00f1os, el Teatro Baralt de Maracaibo fue el escenario donde se proyectaron por primera vez en el pa\u00eds, 2 pel\u00edculas del cineasta Manuel Trujillo Dur\u00e1n.<\/p>\n<p>Para conmemorar ese d\u00eda, Cines Unidos realiz\u00f3 la proyecci\u00f3n especial de 4 pel\u00edculas estrenadas durante 2018. Los titulos seleccionados para este tributo al cine venezolano fueron: \u00a8El Silb\u00f3n\u00a8, pel\u00edcula taquillera que se mantuvo tres semanas consecutivas en el top 5;\u00a0 \u00a8El Vampiro del Lago\u00a8, fomentando el g\u00e9nero del terror; \u00a8UMA\u00a8, un filme entre el romance y el drama fant\u00e1stico, con m\u00e1s de 16 premios y 20 nominaciones; y \u00a8Nos llaman Guerreras\u00a8, una historia motivadora donde se apoya el deporte nacional. Todas ellas, \u00a0obras cinematogr\u00e1ficas que hicieron especial este d\u00eda en Cines Unidos L\u00edder y Millennium.<\/p>\n<p>Cines Unidos con m\u00e1s de 70 a\u00f1os de historia en el pa\u00eds, ha sido un aliado lave dentro del sector cinematogr\u00e1fico nacional. Durante 2018, fue distribuidor de 8 importantes t\u00edtulos como: \u00c1mbar, Nos Llaman Guerreras, Muerte en Berruecos, El Vampiro del Lago, Caribian Drim, Misi\u00f3n H2O, El Silb\u00f3n y Venezuela es un Desorden, lo cual demuestra una expresi\u00f3n genuina del talento de los creadores nacionales y la diversidad de la tem\u00e1tica que encuentra sinton\u00eda con los gustos del p\u00fablico venezolano.<\/p>\n<p>\u201cRatificamos nuestro compromiso con el gremio cinematogr\u00e1fico del pa\u00eds, confirmando la disposici\u00f3n de seguir apoyando a los cineastas venezolanos, productores y actores as\u00ed como a todos aquellos que hacen cine en Venezuela\u201d expres\u00f3 Alberto Carrasquero, vicepresidente de Operaciones de Cines Unidos.<\/p>\n","protected":false},"excerpt":{"rendered":"<p>Cada 28 de enero se celebra en Venezuela el D\u00eda Nacional del Cine. Se le hace honor a este d\u00eda ya que, hace 122 a\u00f1os, el Teatro Baralt de Maracaibo fue el escenario donde se proyectaron por primera vez en el pa\u00eds, 2 pel\u00edculas del cineasta Manuel Trujillo Dur\u00e1n. Para conmemorar ese d\u00eda, Cines Unidos [&hellip;]<\/p>\n","protected":false},"author":2,"featured_media":4343,"comment_status":"closed","ping_status":"open","sticky":false,"template":"","format":"standard","meta":[],"categories":[4747,93,2],"tags":[5227,2961,4770,5224,4387,5226,5225,5229,5228,5166,704,15,5230],"wppr_data":[],"_links":{"self":[{"href":"https:\/\/www.notaoficial.com\/s\/wp-json\/wp\/v2\/posts\/4342"}],"collection":[{"href":"https:\/\/www.notaoficial.com\/s\/wp-json\/wp\/v2\/posts"}],"about":[{"href":"https:\/\/www.notaoficial.com\/s\/wp-json\/wp\/v2\/types\/post"}],"author":[{"embeddable":true,"href":"https:\/\/www.notaoficial.com\/s\/wp-json\/wp\/v2\/users\/2"}],"replies":[{"embeddable":true,"href":"https:\/\/www.notaoficial.com\/s\/wp-json\/wp\/v2\/comments?post=4342"}],"version-history":[{"count":1,"href":"https:\/\/www.notaoficial.com\/s\/wp-json\/wp\/v2\/posts\/4342\/revisions"}],"predecessor-version":[{"id":4344,"href":"https:\/\/www.notaoficial.com\/s\/wp-json\/wp\/v2\/posts\/4342\/revisions\/4344"}],"wp:featuredmedia":[{"embeddable":true,"href":"https:\/\/www.notaoficial.com\/s\/wp-json\/wp\/v2\/media\/4343"}],"wp:attachment":[{"href":"https:\/\/www.notaoficial.com\/s\/wp-json\/wp\/v2\/media?parent=4342"}],"wp:term":[{"taxonomy":"category","embeddable":true,"href":"https:\/\/www.notaoficial.com\/s\/wp-json\/wp\/v2\/categories?post=4342"},{"taxonomy":"post_tag","embeddable":true,"href":"https:\/\/www.notaoficial.com\/s\/wp-json\/wp\/v2\/tags?post=4342"}],"curies":[{"name":"wp","href":"https:\/\/api.w.org\/{rel}","templated":true}]}}