{"id":4380,"date":"2019-02-05T17:41:45","date_gmt":"2019-02-05T21:41:45","guid":{"rendered":"http:\/\/www.notaoficial.com\/s\/?p=4380"},"modified":"2019-02-05T13:44:58","modified_gmt":"2019-02-05T17:44:58","slug":"dayan-regresa-a-la-palestra-musical-con-nino-cool","status":"publish","type":"post","link":"https:\/\/www.notaoficial.com\/s\/2019\/02\/05\/dayan-regresa-a-la-palestra-musical-con-nino-cool\/","title":{"rendered":"Dayan regresa a la palestra musical con \u201cNi\u00f1o cool\u201d"},"content":{"rendered":"<p>Muchos fueron los escenarios que, en compa\u00f1\u00eda de su hermano en el d\u00fao DanyDayan,<strong>\u00a0 fueron testigos de la calidad vocal de la que goza<\/strong>. Ahora, <strong>Dayan retoma su carrera pero como solista, con una propuesta musical tan irreverente como ella.<\/strong><\/p>\n<p>Despu\u00e9s de mucho analizar estilos, sumergida por completo en el estudio, la valenciana consigui\u00f3 lo que quer\u00eda: Su sonido caracter\u00edstico. De all\u00ed parti\u00f3 la realizaci\u00f3n de su disco, dividido de una forma muy particular: \u201cCada canci\u00f3n es un cap\u00edtulo, y cada cap\u00edtulo una emoci\u00f3n. Junto al productor musical nos dedicamos a darle ese respectivo sentimiento a cada canci\u00f3n. Es una nueva propuesta musical donde busco que cada letra y\u00a0 sonido te hagan identificar lo que sientes\u201d, explica. \u201cDespu\u00e9s de meses encerrada en el estudio, y de tanto crear, logr\u00e9 fusionar todo lo que soy y siento; y \u00e9ste es el resultado. Realmente mis canciones tienen de todo un poquito pero no soy una chica que hace m\u00fasica urbana 100%. <strong>Me considero m\u00e1s retro y vieja escuela a la hora de escribir, pero musicalmente queremos llevarte al futuro<\/strong>\u201d, complementa.<\/p>\n<p>De esta \u201cmonta\u00f1a rusa de emociones\u201d, como la cataloga, se desprende su tercer sencillo \u201cNi\u00f1o cool\u201d, tema totalmente pop con sonidos electr\u00f3nicos que captan, a la perfecci\u00f3n, la esencia de esta venezolana. Ya puede encontrarse en todas las plataformas digitales de la cantante. El mismo tambi\u00e9n cuenta con un material audiovisual, dirigido por la misma Dayan, grabado en Nueva York bajo la producci\u00f3n ejecutiva de Moonlight Records. <strong>\u201c\u2019Ni\u00f1o cool\u2019 es el cap\u00edtulo III de esta historia y representa la rebeld\u00eda. Es mi tema favorito por lo diferente que es, adem\u00e1s es s\u00faper activo<\/strong>. Es una canci\u00f3n creada para que puedas liberar tu euforia, por eso decid\u00ed incluir sonidos electr\u00f3nicos, porque son los que me identifican\u201d, comenta.<\/p>\n<p>La int\u00e9rprete de \u201cLove conection\u201d y \u201cEmociones\u201d <strong>ya ha dado una muestra de esta propuesta tan diferente en otros pa\u00edses de Latinoam\u00e9rica, como Colombia y M\u00e9xico<\/strong>, pero quiere llegar a m\u00e1s corazones. \u201c\u00a1La receptividad ha sido incre\u00edble! De estos viajes a diferentes pa\u00edses he creado un ej\u00e9rcito de personas emocionales como yo, y de verdad que ha sido maravilloso ver c\u00f3mo personas de distintas nacionalidades se identifican con lo que hago. <strong>Ese es uno de mis m\u00e1s grandes objetivos: Lograr que mi m\u00fasica se internacionalice<\/strong>, para as\u00ed rescatar mundialmente esas emociones perdidas en la m\u00fasica\u201d, agrega Dayan.<\/p>\n<p>Sin embargo, no todo termina all\u00ed, pues dentro de poco <strong>vendr\u00e1 a su pa\u00eds para reencontrase con su p\u00fablico<\/strong>: \u201cEstoy muy emocionada. Venezuela me ha visto crecer no solo como venezolana sino tambi\u00e9n como artista. <strong>Volver a ella es volver a casa. Venezuela es mi madre. Estoy muy feliz de mostrarle lo que por mucho tiempo trabaj\u00e9 para dejar su nombre en alto<\/strong>\u201d.<\/p>\n<p>La nativa de Valencia pronto realizar\u00e1 una gira de medios para que el p\u00fablico pueda disfrutar de esta nueva faceta art\u00edstica.<\/p>\n<p><strong>Para conocer cada paso de Dayan, no duden en seguirla en sus redes sociales como @dayanpop.<\/strong><\/p>\n","protected":false},"excerpt":{"rendered":"<p>Muchos fueron los escenarios que, en compa\u00f1\u00eda de su hermano en el d\u00fao DanyDayan,\u00a0 fueron testigos de la calidad vocal de la que goza. Ahora, Dayan retoma su carrera pero como solista, con una propuesta musical tan irreverente como ella. Despu\u00e9s de mucho analizar estilos, sumergida por completo en el estudio, la valenciana consigui\u00f3 lo [&hellip;]<\/p>\n","protected":false},"author":2,"featured_media":4381,"comment_status":"closed","ping_status":"open","sticky":false,"template":"","format":"standard","meta":[],"categories":[463,2],"tags":[28,5279,21,199,353,1438],"wppr_data":[],"_links":{"self":[{"href":"https:\/\/www.notaoficial.com\/s\/wp-json\/wp\/v2\/posts\/4380"}],"collection":[{"href":"https:\/\/www.notaoficial.com\/s\/wp-json\/wp\/v2\/posts"}],"about":[{"href":"https:\/\/www.notaoficial.com\/s\/wp-json\/wp\/v2\/types\/post"}],"author":[{"embeddable":true,"href":"https:\/\/www.notaoficial.com\/s\/wp-json\/wp\/v2\/users\/2"}],"replies":[{"embeddable":true,"href":"https:\/\/www.notaoficial.com\/s\/wp-json\/wp\/v2\/comments?post=4380"}],"version-history":[{"count":1,"href":"https:\/\/www.notaoficial.com\/s\/wp-json\/wp\/v2\/posts\/4380\/revisions"}],"predecessor-version":[{"id":4382,"href":"https:\/\/www.notaoficial.com\/s\/wp-json\/wp\/v2\/posts\/4380\/revisions\/4382"}],"wp:featuredmedia":[{"embeddable":true,"href":"https:\/\/www.notaoficial.com\/s\/wp-json\/wp\/v2\/media\/4381"}],"wp:attachment":[{"href":"https:\/\/www.notaoficial.com\/s\/wp-json\/wp\/v2\/media?parent=4380"}],"wp:term":[{"taxonomy":"category","embeddable":true,"href":"https:\/\/www.notaoficial.com\/s\/wp-json\/wp\/v2\/categories?post=4380"},{"taxonomy":"post_tag","embeddable":true,"href":"https:\/\/www.notaoficial.com\/s\/wp-json\/wp\/v2\/tags?post=4380"}],"curies":[{"name":"wp","href":"https:\/\/api.w.org\/{rel}","templated":true}]}}