{"id":4386,"date":"2019-02-05T20:51:38","date_gmt":"2019-02-06T00:51:38","guid":{"rendered":"http:\/\/www.notaoficial.com\/s\/?p=4386"},"modified":"2019-02-05T13:57:22","modified_gmt":"2019-02-05T17:57:22","slug":"te-voy-a-amar-es-lo-nuevo-de-amaro","status":"publish","type":"post","link":"https:\/\/www.notaoficial.com\/s\/2019\/02\/05\/te-voy-a-amar-es-lo-nuevo-de-amaro\/","title":{"rendered":"\u201cTe voy a amar\u201d es lo nuevo de Amaro"},"content":{"rendered":"<p><strong>Amaro sigue dando pasos fuertes dentro de su carrera musical<\/strong>. Luego de haber saboreado el \u00e9xito con \u201cTe amo, te quiero\u201d, <strong>el cantante ahora conquistar\u00e1 al p\u00fablico con \u201cTe voy a amar\u201d,<\/strong> tema que lanza este 4 de febrero a trav\u00e9s de su canal de Youtube: AmaroVzla.<\/p>\n<p>El tema, compuesto por \u00e9l mismo, y producido por Yoelkeys, <strong>viene cargado de merengue, fusionado con una letra llena de amor.<\/strong> \u201cEs un tema que tocar\u00e1 los corazones de muchos\u201d, asegura. \u201c<strong>Espero llegar a todas las personas que a\u00fan no han escuchado mis canciones<\/strong>. Buscar que mi m\u00fasica se escuche en cada rinc\u00f3n del mundo y forme parte de alg\u00fan momento especial en la vida de muchas personas\u201d, complementa.<\/p>\n<p>Amaro lanz\u00f3 en noviembre \u201cMal de amores\u201d en redes sociales, una canci\u00f3n en g\u00e9nero trap con la que quer\u00eda mostrar su versatilidad musical. Sin embargo, <strong>con \u201cTe voy a amar\u201d regresa a sus ra\u00edces tropicales. \u201cMe siento muy c\u00f3modo interpretando el g\u00e9nero tropical urbano,<\/strong> <strong>sobre todo el merengue rom\u00e1ntico.<\/strong> Me gusta combinar buena letra con un ritmo latino tan pegajoso. \u2018Te voy a amar\u2019 permite que las personas la disfruten donde sea, porque te har\u00e1 mover las caderas y te sacar\u00e1 una sonrisa\u201d, expresa.<\/p>\n<p>Adem\u00e1s, <strong>ya cuenta con un videoclip, que cont\u00f3 con la direcci\u00f3n de Gabriel Graffer y Alucinogenos Producciones,<\/strong> que ser\u00e1 estrenado en el canal de Youtube del cantante en el mes de febrero. \u201cEl material audiovisual se hizo en un d\u00eda completo de rodaje en diversas zonas de Caracas. Gabriel es un joven con gran talento en la industria audiovisual, y hacemos buen click su equipo y el m\u00edo. <strong>Estoy muy contento con el resultado final, que podr\u00e1n disfrutar dentro de muy poco<\/strong>\u201d, finaliza el talentoso cantautor.<\/p>\n<p><strong>Para conocer cada paso de Amaro, no duden en seguirlo en sus redes sociales como @amarovzla.<\/strong><\/p>\n","protected":false},"excerpt":{"rendered":"<p>Amaro sigue dando pasos fuertes dentro de su carrera musical. Luego de haber saboreado el \u00e9xito con \u201cTe amo, te quiero\u201d, el cantante ahora conquistar\u00e1 al p\u00fablico con \u201cTe voy a amar\u201d, tema que lanza este 4 de febrero a trav\u00e9s de su canal de Youtube: AmaroVzla. El tema, compuesto por \u00e9l mismo, y producido [&hellip;]<\/p>\n","protected":false},"author":2,"featured_media":4387,"comment_status":"closed","ping_status":"open","sticky":false,"template":"","format":"standard","meta":[],"categories":[463,2],"tags":[5288,3676,5286,49,5289,5287],"wppr_data":[],"_links":{"self":[{"href":"https:\/\/www.notaoficial.com\/s\/wp-json\/wp\/v2\/posts\/4386"}],"collection":[{"href":"https:\/\/www.notaoficial.com\/s\/wp-json\/wp\/v2\/posts"}],"about":[{"href":"https:\/\/www.notaoficial.com\/s\/wp-json\/wp\/v2\/types\/post"}],"author":[{"embeddable":true,"href":"https:\/\/www.notaoficial.com\/s\/wp-json\/wp\/v2\/users\/2"}],"replies":[{"embeddable":true,"href":"https:\/\/www.notaoficial.com\/s\/wp-json\/wp\/v2\/comments?post=4386"}],"version-history":[{"count":1,"href":"https:\/\/www.notaoficial.com\/s\/wp-json\/wp\/v2\/posts\/4386\/revisions"}],"predecessor-version":[{"id":4388,"href":"https:\/\/www.notaoficial.com\/s\/wp-json\/wp\/v2\/posts\/4386\/revisions\/4388"}],"wp:featuredmedia":[{"embeddable":true,"href":"https:\/\/www.notaoficial.com\/s\/wp-json\/wp\/v2\/media\/4387"}],"wp:attachment":[{"href":"https:\/\/www.notaoficial.com\/s\/wp-json\/wp\/v2\/media?parent=4386"}],"wp:term":[{"taxonomy":"category","embeddable":true,"href":"https:\/\/www.notaoficial.com\/s\/wp-json\/wp\/v2\/categories?post=4386"},{"taxonomy":"post_tag","embeddable":true,"href":"https:\/\/www.notaoficial.com\/s\/wp-json\/wp\/v2\/tags?post=4386"}],"curies":[{"name":"wp","href":"https:\/\/api.w.org\/{rel}","templated":true}]}}