{"id":4447,"date":"2019-02-13T19:59:45","date_gmt":"2019-02-13T23:59:45","guid":{"rendered":"http:\/\/www.notaoficial.com\/s\/?p=4447"},"modified":"2019-02-13T19:59:45","modified_gmt":"2019-02-13T23:59:45","slug":"nuit-de-la-lecture-mezclo-poesia-venezolana-y-frances","status":"publish","type":"post","link":"https:\/\/www.notaoficial.com\/s\/2019\/02\/13\/nuit-de-la-lecture-mezclo-poesia-venezolana-y-frances\/","title":{"rendered":"\u201cNuit de La Lecture\u201d mezcl\u00f3  poes\u00eda venezolana y  fr\u00e1nces"},"content":{"rendered":"<p>En las instalaciones de La Mediateca de la Alianza Francesa, se llev\u00f3 a cabo el \u201cNuit de La Lecture\u201d, un evento auspiciado por el Ministerio de Cultura franc\u00e9s y cuyo prop\u00f3sito fue el de entonar poemas venezolanos en el idioma galo y espa\u00f1ol.<\/p>\n<p>La actividad, que se celebr\u00f3 por primera vez en el pa\u00eds, cont\u00f3 con la participaci\u00f3n del escritor venezolano, Rafael Cadenas, y del coordinador de maestr\u00eda de literatura venezolana de la Universidad Central de Venezuela (UCV), Carlos Sandoval, quienes tuvieron la oportunidad de hablar un poco de su trayectoria y la importancia de la literatura francesa en el mundo.<\/p>\n<p>El Profesor Carlos Garc\u00eda, director de la Mediateca, expres\u00f3 que uno de los objetivos fundamentales de este taller de poes\u00eda, fue de hacer que las personas se interesen en aprender el franc\u00e9s por medio de diferentes poemas que toquen temas de la cultura venezolana como lo son: el llano, los \u00e1rboles y la m\u00fasica folkl\u00f3rica.<\/p>\n<p>\u201cAlgo en lo que quisimos hacer hincapi\u00e9 durante esta actividad fue que adem\u00e1s de tocar temas universales como el amor, el trabajo o la rutina, quisimos darle cabida a la naturaleza venezolana en todo su esplendor\u201d, enfatiz\u00f3 Garc\u00eda.<\/p>\n<p>Manifest\u00f3 que los dos autores que se escogieron para este conversatorio fueron: Eugenio Montejo con los poemas \u201cLos \u00c1rboles\u201d, \u201cLa Poes\u00eda\u201d, \u201cEn Los Llanos\u201d y \u201cCanci\u00f3n\u201d de Montejo, mientras que de Cadenas se interpretaron los reconocidos \u201cAdi\u00f3s\u201d, \u201cMi peque\u00f1o Gimnasio\u201d, \u201cRutina\u201d y \u201cEl Argumento\u201d; este {ultimo le\u00eddo por el propio Cadenas tanto es espa\u00f1ol como en franc\u00e9s.<\/p>\n<p>Garc\u00eda resalt\u00f3 que desde la \u00e9poca de Antonio Guzm\u00e1n Blanco, la cultura francesa ha tenido un gran impacto en la pintura, arquitectura y literatura venezolana, siendo est\u00e1 una influencia directa para que numerosos artistas desarrollaran sus obras maestras.<\/p>\n<p>Por \u00faltimo, indic\u00f3 que para este 2019 uno de los objetivos principales de La Mediateca, es seguir creando diversos programas para prestar apoyo a las personas que deseen aprender la lengua francesa a trav\u00e9s de diversos mecanismos como los son la cultura y el cine.<\/p>\n<p>Desde el a\u00f1o 1974, esta instituci\u00f3n de ense\u00f1anza del franc\u00e9s, se ha dedicado a la difusi\u00f3n de este idioma en todo el pa\u00eds, adem\u00e1s de dar a conocer la cultura franc\u00f3fona y ser un punto de encuentro y di\u00e1logo entre operadores culturales.<\/p>\n<p>Actualmente en Caracas, posee sedes ubicadas en La Castellana, Las Mercedes, Chaca\u00edto y La Tahona. Para obtener m\u00e1s informaci\u00f3n acerca de los cursos que ofrece la Alianza Francesa, sus programas acad\u00e9micos y actividades culturales puede ingresar a la p\u00e1gina web <a href=\"http:\/\/caracas.afvenezuela.org\/\">http:\/\/caracas.afvenezuela.org\/<\/a> o seguirlos a trav\u00e9s de sus cuentas en Instagram, Twitter <a href=\"https:\/\/www.instagram.com\/afvenezuela\/?hl=es\">@afcaracas<\/a> y Facebook: <a href=\"https:\/\/es-la.facebook.com\/www.caracas.afvenezuela.org\/\">Alianza Francesa Venezuela<\/a>.<\/p>\n","protected":false},"excerpt":{"rendered":"<p>En las instalaciones de La Mediateca de la Alianza Francesa, se llev\u00f3 a cabo el \u201cNuit de La Lecture\u201d, un evento auspiciado por el Ministerio de Cultura franc\u00e9s y cuyo prop\u00f3sito fue el de entonar poemas venezolanos en el idioma galo y espa\u00f1ol. La actividad, que se celebr\u00f3 por primera vez en el pa\u00eds, cont\u00f3 [&hellip;]<\/p>\n","protected":false},"author":2,"featured_media":4448,"comment_status":"closed","ping_status":"open","sticky":false,"template":"","format":"standard","meta":[],"categories":[860,140,2],"tags":[861,5365,2139,5366,1167,386,3952,1612,340,5367,213],"wppr_data":[],"_links":{"self":[{"href":"https:\/\/www.notaoficial.com\/s\/wp-json\/wp\/v2\/posts\/4447"}],"collection":[{"href":"https:\/\/www.notaoficial.com\/s\/wp-json\/wp\/v2\/posts"}],"about":[{"href":"https:\/\/www.notaoficial.com\/s\/wp-json\/wp\/v2\/types\/post"}],"author":[{"embeddable":true,"href":"https:\/\/www.notaoficial.com\/s\/wp-json\/wp\/v2\/users\/2"}],"replies":[{"embeddable":true,"href":"https:\/\/www.notaoficial.com\/s\/wp-json\/wp\/v2\/comments?post=4447"}],"version-history":[{"count":1,"href":"https:\/\/www.notaoficial.com\/s\/wp-json\/wp\/v2\/posts\/4447\/revisions"}],"predecessor-version":[{"id":4449,"href":"https:\/\/www.notaoficial.com\/s\/wp-json\/wp\/v2\/posts\/4447\/revisions\/4449"}],"wp:featuredmedia":[{"embeddable":true,"href":"https:\/\/www.notaoficial.com\/s\/wp-json\/wp\/v2\/media\/4448"}],"wp:attachment":[{"href":"https:\/\/www.notaoficial.com\/s\/wp-json\/wp\/v2\/media?parent=4447"}],"wp:term":[{"taxonomy":"category","embeddable":true,"href":"https:\/\/www.notaoficial.com\/s\/wp-json\/wp\/v2\/categories?post=4447"},{"taxonomy":"post_tag","embeddable":true,"href":"https:\/\/www.notaoficial.com\/s\/wp-json\/wp\/v2\/tags?post=4447"}],"curies":[{"name":"wp","href":"https:\/\/api.w.org\/{rel}","templated":true}]}}