{"id":4472,"date":"2019-02-14T21:17:53","date_gmt":"2019-02-15T01:17:53","guid":{"rendered":"http:\/\/www.notaoficial.com\/s\/?p=4472"},"modified":"2019-02-14T18:20:07","modified_gmt":"2019-02-14T22:20:07","slug":"carmen-boza-estrena-el-videoclip-de-esparto-ultimo-single-de-la-caja-negra","status":"publish","type":"post","link":"https:\/\/www.notaoficial.com\/s\/2019\/02\/14\/carmen-boza-estrena-el-videoclip-de-esparto-ultimo-single-de-la-caja-negra\/","title":{"rendered":"Carmen Boza estrena el videoclip de Esparto, \u00faltimo single de La Caja Negra"},"content":{"rendered":"<p>Tras el primer avance audiovisual de <em><strong>La Caja Negra<\/strong><\/em>\u00a0(Etiqueta negra, 2018) que fue <strong>Gran Hermano<\/strong>, <strong>Carmen Boza<\/strong> nos sorprende esta vez con un original videoclip dirigido por <strong>Ana Andujar<\/strong> del tema <strong>Esparto<\/strong>, otro de los cortes de su \u00faltimo trabajo discogr\u00e1fico.<\/p>\n<p><strong>Carmen Boza<\/strong> es <strong>compositora, guitarrista y cantante<\/strong>. En 2014 publica<strong><em> La Mansi\u00f3n de los Espejos<\/em><\/strong> gracias a una exitosa campa\u00f1a de crowfunding y, tras girar con varias formaciones, descubre en el <strong>power tr\u00edo<\/strong> el medio de expresi\u00f3n m\u00e1s af\u00edn a su propuesta. Es as\u00ed como nace el pasado a\u00f1o <em><strong>La Caja Negra<\/strong><\/em>, un disco donde <strong>Carmen Boza<\/strong> toma el mando de la <strong>producci\u00f3n y arreglos<\/strong> y encuentra su <strong>sonido diferenciador<\/strong>. <strong><em>La Caja Negra<\/em> <\/strong>son <strong>nueve canciones copadas de ri\ufb00s de guitarra y melod\u00edas pegajosas<\/strong> que dan soporte a<strong> textos oscuros e introspectivos<\/strong>.<\/p>\n<p>La m\u00fasica de <strong>Carmen Boza<\/strong> se nutre de su <strong>fuerte v\u00ednculo con la guitarra<\/strong> que toca desde los quince a\u00f1os; y del inter\u00e9s por muchas propuestas de la llamada <strong>m\u00fasica comercial<\/strong>, al tiempo que por muchos otros <strong>proyectos de corte m\u00e1s alternativo<\/strong>; un torrente de in\ufb02uencias que se aprecian en las composiciones de la gaditana.\u00a0Su <strong>original propuesta musical<\/strong> y su <strong>talento y trayectoria<\/strong>, han situado a <strong>Carmen Boza<\/strong> como una de las <strong>propuestas femeninas espa\u00f1olas m\u00e1s interesantes y con m\u00e1s proyecci\u00f3n<\/strong> de los \u00faltimos a\u00f1os.<br \/>\n<em>Que hablen las v\u00edsceras, que expulsen palabras y frases cualesquiera, que Carmen ya las cantar\u00e1 y tocar\u00e1 en su guitarra el\u00e9ctrica, que recursos no le faltan. Carmen se ha esmerado en los ri\ufb00s, los ritmos, los dibujos, los arpegios de su guitarra, la pausa, los silencios. (&#8230;) \u00bfFunk, post-punk, grunge alternativo&#8230; sencillamente rock? \u201cLa Caja Negra\u201d es un disco crudo, austero y rabioso, s\u00ed. Pero lleno de amor, honestidad y cordura. Boza nos logra mover coraz\u00f3n, cabeza, cadera y pies. Es una obra por descubrir paulatinamente, que crecer\u00e1 con el tiempo hasta l\u00edmites insospechados.<\/em> Santiago Alcanda, director de Como lo oyes &#8211; Radio 3<\/p>\n","protected":false},"excerpt":{"rendered":"<p>Tras el primer avance audiovisual de La Caja Negra\u00a0(Etiqueta negra, 2018) que fue Gran Hermano, Carmen Boza nos sorprende esta vez con un original videoclip dirigido por Ana Andujar del tema Esparto, otro de los cortes de su \u00faltimo trabajo discogr\u00e1fico. Carmen Boza es compositora, guitarrista y cantante. En 2014 publica La Mansi\u00f3n de los [&hellip;]<\/p>\n","protected":false},"author":2,"featured_media":4473,"comment_status":"closed","ping_status":"open","sticky":false,"template":"","format":"standard","meta":[],"categories":[146],"tags":[5451,5448,5452,5449,5450],"wppr_data":[],"_links":{"self":[{"href":"https:\/\/www.notaoficial.com\/s\/wp-json\/wp\/v2\/posts\/4472"}],"collection":[{"href":"https:\/\/www.notaoficial.com\/s\/wp-json\/wp\/v2\/posts"}],"about":[{"href":"https:\/\/www.notaoficial.com\/s\/wp-json\/wp\/v2\/types\/post"}],"author":[{"embeddable":true,"href":"https:\/\/www.notaoficial.com\/s\/wp-json\/wp\/v2\/users\/2"}],"replies":[{"embeddable":true,"href":"https:\/\/www.notaoficial.com\/s\/wp-json\/wp\/v2\/comments?post=4472"}],"version-history":[{"count":1,"href":"https:\/\/www.notaoficial.com\/s\/wp-json\/wp\/v2\/posts\/4472\/revisions"}],"predecessor-version":[{"id":4474,"href":"https:\/\/www.notaoficial.com\/s\/wp-json\/wp\/v2\/posts\/4472\/revisions\/4474"}],"wp:featuredmedia":[{"embeddable":true,"href":"https:\/\/www.notaoficial.com\/s\/wp-json\/wp\/v2\/media\/4473"}],"wp:attachment":[{"href":"https:\/\/www.notaoficial.com\/s\/wp-json\/wp\/v2\/media?parent=4472"}],"wp:term":[{"taxonomy":"category","embeddable":true,"href":"https:\/\/www.notaoficial.com\/s\/wp-json\/wp\/v2\/categories?post=4472"},{"taxonomy":"post_tag","embeddable":true,"href":"https:\/\/www.notaoficial.com\/s\/wp-json\/wp\/v2\/tags?post=4472"}],"curies":[{"name":"wp","href":"https:\/\/api.w.org\/{rel}","templated":true}]}}