{"id":4491,"date":"2019-02-16T00:32:50","date_gmt":"2019-02-16T04:32:50","guid":{"rendered":"http:\/\/www.notaoficial.com\/s\/?p=4491"},"modified":"2019-02-15T21:36:24","modified_gmt":"2019-02-16T01:36:24","slug":"vicky-gastelo-vuelve-a-la-carretera-para-presentar-lo-he-vuelto-a-hacer","status":"publish","type":"post","link":"https:\/\/www.notaoficial.com\/s\/2019\/02\/16\/vicky-gastelo-vuelve-a-la-carretera-para-presentar-lo-he-vuelto-a-hacer\/","title":{"rendered":"Vicky Gastelo vuelve a la carretera para presentar Lo he vuelto a hacer"},"content":{"rendered":"<p><strong>Vicky Gastelo<\/strong> (Torrelavega, 1975) estren\u00f3 el pasado mes de octubre <strong><em>Lo he vuelto a hacer<\/em><\/strong>, un disco que supone una <strong>renovaci\u00f3n musical y personal <\/strong>de esta\u00a0artista que lleva muchos a\u00f1os en la industria como<strong> int\u00e9rprete y compositora <\/strong>y que, a pesar de ser <strong>nombre esencial del circuito de cantautores <\/strong>y contar con el<strong> reconocimiento de muchos compa\u00f1eros de profesi\u00f3n<\/strong>, es con este \u00faltimo trabajo cuando saca la cabeza para reclamar su espacio entre el gran p\u00fablico.<\/p>\n<p><strong>Rozal\u00e9n, Conchita, Marwan, Rulo\u00a0<\/strong>o<strong>\u00a0Funambulista<\/strong>\u00a0coinciden en definir a <strong>Vicky Gastelo<\/strong>\u00a0como\u00a0<strong>una de las mejores compositoras e int\u00e9rpretes del pa\u00eds<\/strong>\u00a0y afirman que en<strong>\u00a0<em>Lo he vuelto a hacer<\/em>\u00a0<\/strong>se pueden encontrar<strong>\u00a0estribillos perfectos y cuidadas letras<\/strong>.<\/p>\n<p>Durante su extensa carrera, <strong>Vicky Gastelo<\/strong> ha compartido escenario con\u00a0<strong>Quique Gonz\u00e1lez, Rev\u00f3lver, Rulo y La Contrabanda, Los Secretos, Andr\u00e9s Su\u00e1rez, Rub\u00e9n Pozo, Conchita,<\/strong><strong>\u00a0Rebeca Jim\u00e9nez, Extremoduro\u00a0<\/strong>o<strong>\u00a0Antonio Vega\u00a0<\/strong>entre otros. Adem\u00e1s, en su faceta de compositora ha escrito canciones, letras y adaptaciones para nombres de la talla de\u00a0<strong>Ma<\/strong><strong>rta S\u00e1nchez, Mal\u00fa, M\u00f3nica Molina,\u00a0<\/strong><strong>S<\/strong><strong>ara Connors\u00a0<\/strong>o la puertorrique\u00f1a\u00a0<strong>Ednita Nazario<\/strong>\u00a0que con su tema\u00a0<em>Para el peor amante<\/em>\u00a0llega al puesto 8 de los\u00a0<strong>Billboard latinos<\/strong>; ha participado musicalmente en\u00a0<strong>campa\u00f1as\u00a0<\/strong><strong>publicitarias\u00a0<\/strong>como I\u2019m Lovin it de Mc Donald\u2019s, Sprite o Cruzcampo; y ha formado parte de homenajes y veladas musicales como el\u00a0<strong>40 Aniversario de Los Secretos\u00a0<\/strong>o el disco\u00a0<em><strong>Cafe Libertad 8. El Templo de la Canci\u00f3n de autor<\/strong><\/em>, donde comparte cr\u00e9ditos con\u00a0<strong>Jorge Drexler, Ismael Serrano, Rosana o Pedro Guerra<\/strong>\u00a0entre otros.grandes amigos de la artista.<\/p>\n<p><strong><em>Lo he vuelto a hacer<\/em><\/strong>\u00a0est\u00e1 producido por\u00a0<strong>Pablo Cebri\u00e1n (Manuel Carrasco)<\/strong>\u00a0y\u00a0<strong>Bori Alarc\u00f3n (Dani Mart\u00edn) <\/strong>y han colaborado<strong> cantando a d\u00fao con Vicky Gastelo <\/strong>en dos temas del disco <strong>Carlos Go\u00f1i <\/strong>y<strong> Andr\u00e9s Suarez.\u00a0<\/strong>Un disco que, en palabras de Vicky, supone una verdadera<strong>\u00a0renovaci\u00f3n musical y personal, llena de luz y energ\u00eda.<\/p>\n<p>Textos a pecho descubierto <\/strong>escritos desde la aceptaci\u00f3n y la convicci\u00f3n de que las cosas se van a arreglar; <strong>pedales, efectos y mucha m\u00e1s guitarra el\u00e9ctrica <\/strong>que de costumbre. Nuevas armas para una nueva Gastelo, <strong>m\u00e1s guerrera en lo musical y con m\u00e1s garra en lo vocal<\/strong>. Son palabras de<strong> Arancha Moreno <\/strong>directora de la revista musical<strong> Efeeme<\/strong> que escribe la hoja de prensa de <em><strong>Lo he vuelto a hacer<\/strong><\/em>.\u00a0<em>\u201cEl\u00e9ctrica, guerrera y honesta. Componiendo canciones desde las entra\u00f1as. Capaz de escribir los versos m\u00e1s valientes de su carrera y volver a pellizcarnos el coraz\u00f3n. Ella cree que cada uno tiene su momento, y yo, que este es el suyo\u201d.<\/em><\/p>\n","protected":false},"excerpt":{"rendered":"<p>Vicky Gastelo (Torrelavega, 1975) estren\u00f3 el pasado mes de octubre Lo he vuelto a hacer, un disco que supone una renovaci\u00f3n musical y personal de esta\u00a0artista que lleva muchos a\u00f1os en la industria como int\u00e9rprete y compositora y que, a pesar de ser nombre esencial del circuito de cantautores y contar con el reconocimiento de [&hellip;]<\/p>\n","protected":false},"author":2,"featured_media":4492,"comment_status":"closed","ping_status":"open","sticky":false,"template":"","format":"standard","meta":[],"categories":[146],"tags":[3653,4269,5478,4270,3652,3663,3670,4268,3661,5477,5173,3659,3667,3666,3660,3668,3674,3656,3664,3657,4266,3662,4267,3669,3654],"wppr_data":[],"_links":{"self":[{"href":"https:\/\/www.notaoficial.com\/s\/wp-json\/wp\/v2\/posts\/4491"}],"collection":[{"href":"https:\/\/www.notaoficial.com\/s\/wp-json\/wp\/v2\/posts"}],"about":[{"href":"https:\/\/www.notaoficial.com\/s\/wp-json\/wp\/v2\/types\/post"}],"author":[{"embeddable":true,"href":"https:\/\/www.notaoficial.com\/s\/wp-json\/wp\/v2\/users\/2"}],"replies":[{"embeddable":true,"href":"https:\/\/www.notaoficial.com\/s\/wp-json\/wp\/v2\/comments?post=4491"}],"version-history":[{"count":1,"href":"https:\/\/www.notaoficial.com\/s\/wp-json\/wp\/v2\/posts\/4491\/revisions"}],"predecessor-version":[{"id":4493,"href":"https:\/\/www.notaoficial.com\/s\/wp-json\/wp\/v2\/posts\/4491\/revisions\/4493"}],"wp:featuredmedia":[{"embeddable":true,"href":"https:\/\/www.notaoficial.com\/s\/wp-json\/wp\/v2\/media\/4492"}],"wp:attachment":[{"href":"https:\/\/www.notaoficial.com\/s\/wp-json\/wp\/v2\/media?parent=4491"}],"wp:term":[{"taxonomy":"category","embeddable":true,"href":"https:\/\/www.notaoficial.com\/s\/wp-json\/wp\/v2\/categories?post=4491"},{"taxonomy":"post_tag","embeddable":true,"href":"https:\/\/www.notaoficial.com\/s\/wp-json\/wp\/v2\/tags?post=4491"}],"curies":[{"name":"wp","href":"https:\/\/api.w.org\/{rel}","templated":true}]}}