{"id":4516,"date":"2019-02-18T15:11:38","date_gmt":"2019-02-18T19:11:38","guid":{"rendered":"http:\/\/www.notaoficial.com\/s\/?p=4516"},"modified":"2019-02-18T13:12:55","modified_gmt":"2019-02-18T17:12:55","slug":"covi-quintana-una-voz-con-identidad-propia","status":"publish","type":"post","link":"https:\/\/www.notaoficial.com\/s\/2019\/02\/18\/covi-quintana-una-voz-con-identidad-propia\/","title":{"rendered":"Covi Quintana: una voz con identidad propia"},"content":{"rendered":"<p align=\"justify\"><strong><a href=\"https:\/\/sable.madmimi.com\/c\/28511?id=9650104.11506.1.79319d9d3d6779e428bac83a27a9378a\" target=\"_blank\" rel=\"noopener\" data-saferedirecturl=\"https:\/\/www.google.com\/url?q=https:\/\/sable.madmimi.com\/c\/28511?id%3D9650104.11506.1.79319d9d3d6779e428bac83a27a9378a&amp;source=gmail&amp;ust=1550596042738000&amp;usg=AFQjCNG4_H7qXeqU8umpHCDxCprI6HG8lA\">Covi Quintana<\/a><\/strong> ha sido se\u00f1alada como una de las voces m\u00e1s aut\u00e9nticas de la Rep\u00fablica Dominicana, no solo por su propuesta musical, sino tambi\u00e9n por las letras de sus canciones. Sus reconocidas letras la han situado merecedora, por cuarto a\u00f1o consecutivo, de la nominaci\u00f3n en la categor\u00eda de \u201cCompositor y\/o Autor de Letras\u201d para los Premios Soberano, adem\u00e1s de ganar 3er lugar en el Festival de Cantautores de Costa Rica en el 2016.<\/p>\n<p align=\"justify\">Su m\u00e1s reciente producci\u00f3n discogr\u00e1fica, \u201cSin Pausa\u201d, es el segundo \u00e1lbum de estudio de esta talentosa artista, que en poco tiempo se ha ido ganando el coraz\u00f3n de miles de fan\u00e1ticos, no solo de su natal pa\u00eds, sino tambi\u00e9n de M\u00e9xico, Estados Unidos, Espa\u00f1a, Per\u00fa, Colombia, Chile, entre otros.<\/p>\n<p align=\"justify\">En este mes de los enamorados, Covi lanzar\u00e1 el quinto sencillo de su \u00e1lbum, \u201cYo Lo Vi\u201d, acompa\u00f1ado de un v\u00eddeo musical, adem\u00e1s presentar\u00e1 una nueva versi\u00f3n de su ya conocido tema \u201cSoy Dominicana\u201d junto a los m\u00e1s grandes artistas dominicanos.<\/p>\n<p align=\"justify\">De \u201cSin Pausa\u201d los temas \u201cMe Has Devuelto\u201d, \u201cPegadito\u201d, \u201cDile Que Me Quieres\u201d y \u201c1 Minuto 30\u201d, la han llevado a posicionarse en los primeros lugares de las listas de virales de iTunes y Spotify en Per\u00fa y Rep\u00fablica Dominicana.<\/p>\n<p align=\"justify\">\u201cSin Pausa\u201d contiene 14 temas de su autor\u00eda disponibles en todas las plataformas digitales bajo la producci\u00f3n de Bataban\u00fa Records.<\/p>\n<p>&nbsp;<\/p>\n","protected":false},"excerpt":{"rendered":"<p>Covi Quintana ha sido se\u00f1alada como una de las voces m\u00e1s aut\u00e9nticas de la Rep\u00fablica Dominicana, no solo por su propuesta musical, sino tambi\u00e9n por las letras de sus canciones. Sus reconocidas letras la han situado merecedora, por cuarto a\u00f1o consecutivo, de la nominaci\u00f3n en la categor\u00eda de \u201cCompositor y\/o Autor de Letras\u201d para los [&hellip;]<\/p>\n","protected":false},"author":2,"featured_media":4517,"comment_status":"closed","ping_status":"open","sticky":false,"template":"","format":"standard","meta":[],"categories":[146],"tags":[5521,209,28,202,5520,256,255,199,10,1696,468],"wppr_data":[],"_links":{"self":[{"href":"https:\/\/www.notaoficial.com\/s\/wp-json\/wp\/v2\/posts\/4516"}],"collection":[{"href":"https:\/\/www.notaoficial.com\/s\/wp-json\/wp\/v2\/posts"}],"about":[{"href":"https:\/\/www.notaoficial.com\/s\/wp-json\/wp\/v2\/types\/post"}],"author":[{"embeddable":true,"href":"https:\/\/www.notaoficial.com\/s\/wp-json\/wp\/v2\/users\/2"}],"replies":[{"embeddable":true,"href":"https:\/\/www.notaoficial.com\/s\/wp-json\/wp\/v2\/comments?post=4516"}],"version-history":[{"count":1,"href":"https:\/\/www.notaoficial.com\/s\/wp-json\/wp\/v2\/posts\/4516\/revisions"}],"predecessor-version":[{"id":4518,"href":"https:\/\/www.notaoficial.com\/s\/wp-json\/wp\/v2\/posts\/4516\/revisions\/4518"}],"wp:featuredmedia":[{"embeddable":true,"href":"https:\/\/www.notaoficial.com\/s\/wp-json\/wp\/v2\/media\/4517"}],"wp:attachment":[{"href":"https:\/\/www.notaoficial.com\/s\/wp-json\/wp\/v2\/media?parent=4516"}],"wp:term":[{"taxonomy":"category","embeddable":true,"href":"https:\/\/www.notaoficial.com\/s\/wp-json\/wp\/v2\/categories?post=4516"},{"taxonomy":"post_tag","embeddable":true,"href":"https:\/\/www.notaoficial.com\/s\/wp-json\/wp\/v2\/tags?post=4516"}],"curies":[{"name":"wp","href":"https:\/\/api.w.org\/{rel}","templated":true}]}}