{"id":4544,"date":"2019-02-20T19:28:04","date_gmt":"2019-02-20T23:28:04","guid":{"rendered":"http:\/\/www.notaoficial.com\/s\/?p=4544"},"modified":"2019-02-20T19:28:04","modified_gmt":"2019-02-20T23:28:04","slug":"el-kanka-en-clave-de-jazz-junto-a-claudia-bardagi","status":"publish","type":"post","link":"https:\/\/www.notaoficial.com\/s\/2019\/02\/20\/el-kanka-en-clave-de-jazz-junto-a-claudia-bardagi\/","title":{"rendered":"Por tu olor de El Kanka en clave de jazz junto a Claudia Bardag\u00ed"},"content":{"rendered":"<div><strong>El Kanka <\/strong>sigue conmemorando el primer aniversario de la publicaci\u00f3n de su quinto trabajo -23 de febrero de 2018-,<strong><em> El arte de saltar<\/em><\/strong>, lanzando<strong> una versi\u00f3n ac\u00fastica del disco cada viernes. <\/strong><\/p>\n<p><strong><em>S\u00ed que puedes<\/em><\/strong> interpretado en un rinc\u00f3n de la ciudad de <strong>Barcelona<\/strong> con <strong>ukelele y voz<\/strong> fue el primer v\u00eddeo que comparti\u00f3 el malague\u00f1o;\u00a0la semana pasada fue el turno de <strong><em>Para eso canto<\/em><\/strong> grabado en <strong>Granada<\/strong> con la <strong>Alhambra<\/strong> de fondo;\u00a0y hoy la versi\u00f3n que nos regala<strong> El Kanka<\/strong> es <strong><em>Por tu olor <\/em><\/strong>interpretada a d\u00fao junto a <strong>Claudia Bardag\u00ed<\/strong>, <strong>vocalista y pianista de jazz<\/strong>, tambi\u00e9n en Barcelona, ciudad actual de residencia del artista.\u00a0Esta versi\u00f3n de <strong><em>Por tu olor<\/em><\/strong> que en el disco <strong>El Kanka <\/strong>interpreta junto a <strong>Jorge Drexler,<\/strong> se torna <strong>jazz\u00edstica gracias a la voz y el piano de Claudia Bardag\u00ed<\/strong>.<\/p>\n<p>La colecci\u00f3n completa de grabaciones en ac\u00fastico &#8211;<strong>once v\u00eddeos, uno por cada tema del disco <em>El arte de saltar<\/em><\/strong>&#8211; estar\u00e1 disponible el <strong>22 de febrero<\/strong>, v\u00edspera del d\u00eda en que se cumplir\u00e1 <strong>un a\u00f1o desde la publicaci\u00f3n de este\u00a0disco.\u00a0<\/strong>Once regalos para sus fans\u00a0con un<strong> sonido diferente al LP <\/strong>que se recoger\u00e1n en una <strong>e<\/strong><strong>dici\u00f3n Deluxe exclusiva de<em> El arte de saltar<\/em><\/strong> en <strong>iTunes<\/strong>.\u00a0Adem\u00e1s, los v\u00eddeos de las versiones ac\u00fasticas de <strong><em>El arte de saltar <\/em><\/strong>se podr\u00e1n ver a partir de marzo tambi\u00e9n en el canal de <strong>Youtube\/Vevo <\/strong>de<strong> El Kanka<\/strong>.<\/p>\n<p>Mientras se conmemora el lanzamiento de <strong><em>El arte de saltar<\/em><\/strong>, <strong>El Kanka<\/strong> contin\u00faa con la gira de la que le quedan las <strong>\u00faltimas fechas para despedir el tour que le ha tenido casi un a\u00f1o en la carretera<\/strong>:\u00a0<strong>Granada <\/strong>-con <strong>entradas agotadas a m\u00e1s de un mes de la cita<\/strong>-, <strong>Badajoz, San Cristobal de La Laguna en Tenerife<\/strong> -donde har\u00e1 doblete despu\u00e9s de haber agotado una de las fechas-, <strong>Las Palmas<\/strong> y<strong> Vi\u00f1a Rock <\/strong>de Villarrobledo, escenario en el que <strong>El Kanka <\/strong>pondr\u00e1 el punto y final a una etapa de \u00e9xitos y satisfacciones.<\/div>\n<div><\/div>\n<div>Y es que con <em><strong>El arte de saltar, <\/strong><\/em>el cantautor ha<em><strong>\u00a0<\/strong><\/em>alcanzado grandes hitos en su carrera, como publicar con su <strong>propio sello discogr\u00e1fico<\/strong>\u00a0<strong>A Volar Music,<\/strong> o entrar en la lista de los <strong>discos m\u00e1s vendidos<\/strong>\u00a0en las primeras posiciones (sexto puesto) a pesar de trabajar desde la <strong>independencia m\u00e1s pura<\/strong>, o <strong>llenar las salas m\u00e1s importantes de cada ciudad <\/strong>espa\u00f1ola acumulando un<strong> n\u00famero de sold outs casi imbatible, <\/strong>o e<strong>ncabezar carteles de grandes festivales,<\/strong> o seguir sumando a su <strong>fiel legi\u00f3n de seguidores <\/strong>otros muchos gracias a sus<strong> melod\u00edas pegadizas<\/strong>, sus <strong>letras que mezclan humor e iron\u00eda <\/strong>y su <strong>particular manera de entender y cantar a la vida.<\/strong><\/div>\n<div><\/div>\n<div>\n<div>En <strong><em>El arte de saltar,<\/em><\/strong> cuarto disco de <strong>El Kanka<\/strong>, vuelve a ofrecer canciones que abrazan\u00a0<strong>distintos estilos<\/strong>,\u00a0se aprecia el enfrentamiento entre\u00a0<strong>ritmos sure\u00f1os<\/strong>\u00a0(hay tres rumbas, aunque una de ellas es catalana) y ritmos basados en el<strong>\u00a0folklore sudamericano<\/strong>,\u00a0<strong>patrones m\u00e1s de ra\u00edz que en otros discos<\/strong>, con aires de\u00a0<strong>chacarera<\/strong>\u00a0e inspiraci\u00f3n desde\u00a0<strong>Natalia Lafourcade\u00a0<\/strong>a\u00a0<strong>Mercedes Sosa\u00a0<\/strong>o<strong>\u00a0Violeta Parra.\u00a0<\/strong>\u00a0Seg\u00fan palabras de\u00a0<strong>El Kanka,<\/strong>\u00a0se trata de un trabajo\u00a0<strong>m\u00e1s po\u00e9tico\u00a0<\/strong>en general, con\u00a0<strong>letras\u00a0de bastante contenido<\/strong>, aunque obviamente\u00a0<strong>hay hueco para el humor\u00a0<\/strong>y tambi\u00e9n para la\u00a0<strong>iron\u00eda<\/strong>, con un punto de maldad que no tienen sus tres anteriores incursiones discogr\u00e1ficas. Y por supuesto, como en cada LP de\u00a0<strong>El Kanka<\/strong>, no faltan las colaboraciones de grandes amigos como\u00a0<strong>Jorge Drexler\u00a0<\/strong>y la\u00a0<strong>Comparsa de Mart\u00ednez Ares de C\u00e1diz<\/strong>.\n<\/div>\n<div><\/div>\n<div><strong><em>Lo\u00a0mal que estoy y lo poco que me quejo\u00a0<\/em><\/strong>(2013),\u00a0<strong><em>El d\u00eda de suerte de Juan G\u00f3mez<\/em><\/strong>\u00a0(2014) y\u00a0<strong><em>De Pana Y Rub\u00ed<\/em><\/strong>\u00a0(2015) son los tres discos que preceden a\u00a0<em><strong>El arte de saltar\u00a0<\/strong><\/em>(2018).<\/div>\n<\/div>\n","protected":false},"excerpt":{"rendered":"<p>El Kanka sigue conmemorando el primer aniversario de la publicaci\u00f3n de su quinto trabajo -23 de febrero de 2018-, El arte de saltar, lanzando una versi\u00f3n ac\u00fastica del disco cada viernes. S\u00ed que puedes interpretado en un rinc\u00f3n de la ciudad de Barcelona con ukelele y voz fue el primer v\u00eddeo que comparti\u00f3 el malague\u00f1o;\u00a0la [&hellip;]<\/p>\n","protected":false},"author":2,"featured_media":4545,"comment_status":"closed","ping_status":"open","sticky":false,"template":"","format":"standard","meta":[],"categories":[146],"tags":[4050,3852,5563,4054,4049,4555,5564,4051],"wppr_data":[],"_links":{"self":[{"href":"https:\/\/www.notaoficial.com\/s\/wp-json\/wp\/v2\/posts\/4544"}],"collection":[{"href":"https:\/\/www.notaoficial.com\/s\/wp-json\/wp\/v2\/posts"}],"about":[{"href":"https:\/\/www.notaoficial.com\/s\/wp-json\/wp\/v2\/types\/post"}],"author":[{"embeddable":true,"href":"https:\/\/www.notaoficial.com\/s\/wp-json\/wp\/v2\/users\/2"}],"replies":[{"embeddable":true,"href":"https:\/\/www.notaoficial.com\/s\/wp-json\/wp\/v2\/comments?post=4544"}],"version-history":[{"count":1,"href":"https:\/\/www.notaoficial.com\/s\/wp-json\/wp\/v2\/posts\/4544\/revisions"}],"predecessor-version":[{"id":4546,"href":"https:\/\/www.notaoficial.com\/s\/wp-json\/wp\/v2\/posts\/4544\/revisions\/4546"}],"wp:featuredmedia":[{"embeddable":true,"href":"https:\/\/www.notaoficial.com\/s\/wp-json\/wp\/v2\/media\/4545"}],"wp:attachment":[{"href":"https:\/\/www.notaoficial.com\/s\/wp-json\/wp\/v2\/media?parent=4544"}],"wp:term":[{"taxonomy":"category","embeddable":true,"href":"https:\/\/www.notaoficial.com\/s\/wp-json\/wp\/v2\/categories?post=4544"},{"taxonomy":"post_tag","embeddable":true,"href":"https:\/\/www.notaoficial.com\/s\/wp-json\/wp\/v2\/tags?post=4544"}],"curies":[{"name":"wp","href":"https:\/\/api.w.org\/{rel}","templated":true}]}}