{"id":4551,"date":"2019-02-20T22:33:20","date_gmt":"2019-02-21T02:33:20","guid":{"rendered":"http:\/\/www.notaoficial.com\/s\/?p=4551"},"modified":"2019-02-20T19:55:22","modified_gmt":"2019-02-20T23:55:22","slug":"samsung-presenta-sus-ultimos-productos-y-soluciones-conectadas-en-el-samsung-forum-2019","status":"publish","type":"post","link":"https:\/\/www.notaoficial.com\/s\/2019\/02\/20\/samsung-presenta-sus-ultimos-productos-y-soluciones-conectadas-en-el-samsung-forum-2019\/","title":{"rendered":"Samsung presenta sus \u00faltimos productos y Soluciones Conectadas en el Samsung Forum 2019"},"content":{"rendered":"<p style=\"text-align: center;\"><em>Por: Gonzalo Mendoza Guruceaga<\/em><\/p>\n<p>Samsung Electronics Co., Ltd. presentar\u00e1 sus nuevos productos y soluciones a sus socios comerciales de todo el mundo en el Samsung Forum 2019.<\/p>\n<p>Durante el evento que se extender\u00e1 por dos meses, se exhibir\u00e1n productos estrat\u00e9gicos que incluyen la l\u00ednea QLED TV 2019, as\u00ed como productos personalizados para los mercados regionales. Basada en la plataforma de inteligencia \u2018New Bixby &#8216;de Samsung, Connected Solution tambi\u00e9n se exhibir\u00e1 en el encuentro, donde los socios comerciales globales pueden interactuar con varios productos de Samsung.<\/p>\n<p>A partir del Foro Europeo, Samsung recibe a medios y socios de Europa, el suroeste de Asia y Am\u00e9rica Latina en Oporto, Portugal, del 12 al 22 de febrero. Del 7 al 11 de marzo, Samsung ser\u00e1 la sede del Foro de Medio Oriente y la CEI (Comunidad de Estados Independientes) en Antalya, Turqu\u00eda. Por \u00faltimo, el Foro del Sudeste Asi\u00e1tico se celebrar\u00e1 en Sentosa, Singapur, para reunirse con socios comerciales clave del 25 al 26 de marzo.<\/p>\n<p>En su d\u00e9cimo aniversario, el Samsung Forum de este a\u00f1o ser\u00e1 un lugar para compartir la visi\u00f3n y la estrategia de negocios de la compa\u00f1\u00eda con socios clave bajo el concepto de \u00abSamsung Plaza\u00bb, donde las personas se re\u00fanen, se comunican y se involucran.<\/p>\n<p>\u00abEstamos encantados de que Samsung participe con socios comerciales globales en el 10\u00ba Foro de Samsung este a\u00f1o\u00bb, dijo YH Lee, Director de Marketing Global y Director de Global Marketing Center en Samsung Electronics. \u00abEn lo sucesivo, seguiremos comprometidos a ayudar a las personas a hacer cosas que antes parec\u00edan imposibles con nuestro enfoque en AI e IoT para brindar nuevas experiencias a los consumidores que van m\u00e1s all\u00e1 de simplemente conectar dispositivos\u00bb.<\/p>\n<p><strong>Expansi\u00f3n de Consumer Choice con la l\u00ednea completa de televisores QLED 2019<\/strong><br \/>\nComo l\u00edder del mercado en la industria de la televisi\u00f3n durante 13 a\u00f1os, Samsung anunci\u00f3 toda su l\u00ednea de QLED TV 2019 que estar\u00e1 disponible en m\u00e1s de 60 mercados dentro de este a\u00f1o. La compa\u00f1\u00eda aumentar\u00e1 continuamente su participaci\u00f3n en el mercado de televisores 8K para mantener su s\u00f3lido dominio en el ramo de televisores premium.<\/p>\n<p>\u00abHemos presenciado la inquebrantable confianza y afecto de nuestros clientes hacia los televisores Samsung QLED en el \u00faltimo a\u00f1o\u00bb, dijo Jongsuk Chu, vicepresidente ejecutivo de Visual Display Business de Samsung Electronics. \u00abEste a\u00f1o, nuestras alineaciones 8K y 4K QLED est\u00e1n ampliando la brecha en el mercado de televisores ultra grandes, y estamos orgullosos de poder ofrecer nuestra alineaci\u00f3n m\u00e1s innovadora y envolvente hasta la fecha\u00bb.<\/p>\n<p>Los productos clave presentados en la l\u00ednea QLED 2019 fueron un conjunto de televisores de 8K y 4K, incluido el Q900R de 8K que tiene un tama\u00f1o de pantalla de 65 a 98 pulgadas, as\u00ed como los 4K Q90R, Q80R, Q70R y Q60R que van desde tama\u00f1os de 43 pulgadas a 82 pulgadas. En total, la l\u00ednea 2019 QLED ampliada incluye m\u00e1s de 20 modelos e incluye m\u00e1s televisores ultra grandes.<\/p>\n<p>Como parte del compromiso de Samsung de expandir su tecnolog\u00eda QLED, sus televisores QLED 2019 cuentan con la tecnolog\u00eda &#8216;Ultra Viewing Angle&#8217; para brindar im\u00e1genes n\u00edtidas con negros m\u00e1s profundos y un \u00e1ngulo de visi\u00f3n m\u00e1s amplio. * Luego de su adopci\u00f3n en los modelos 8K, los nuevos modelos QLED 4K de Samsung tambi\u00e9n son ahora equipado con su &#8216;Procesador Quantum&#8217; patentado, que permite a los productos QLED 4K entregar cualquier contenido original en diferentes resoluciones con brillo mejorado, calidad de imagen y sonido optimizados para cada escena a trav\u00e9s de la mejora de la escala de AI.<\/p>\n<p>Adem\u00e1s, todos los televisores Samsung 2019 QLED contar\u00e1n con HDR10+, un formato de procesamiento de im\u00e1genes de alta calidad, para que los usuarios puedan disfrutar de una imagen rica en detalles. Los televisores QLED 8K tambi\u00e9n admitir\u00e1n la transmisi\u00f3n HDMI 2.1 (8K 60P), y los usuarios del QLED 8K tambi\u00e9n podr\u00e1n disfrutar de contenido con una alta calidad de imagen en servicios de transmisi\u00f3n a trav\u00e9s de la ampliaci\u00f3n de 8K basada en AI.<\/p>\n<p>La funci\u00f3n \u00abNew Bixby\u00bb en los televisores QLED 2019 brinda a los usuarios la capacidad de acceder f\u00e1cilmente al contenido que desean a trav\u00e9s de los comandos de voz en la \u00abGu\u00eda Universal\u00bb de Samsung, que ayuda a los usuarios a buscar el contenido que les guste bas\u00e1ndose en h\u00e1bitos y preferencias de observaci\u00f3n anteriores.<\/p>\n<p>Para brindar m\u00e1s opciones de entretenimiento y funcionalidad de plataforma abierta, los Smart TV de Samsung ofrecer\u00e1n una nueva aplicaci\u00f3n de pel\u00edculas y programas de TV iTunes y ser\u00e1n compatibles con Apple AirPlay 2. Adem\u00e1s, a trav\u00e9s de los Smart TV Samsung 2019 que ahora funcionan con Amazon Alexa y el Asistente de Google, un usuario puede Disfrute de diversas funciones, como encender\/apagar la televisi\u00f3n o controlar el volumen de audio mediante un simple comando de voz.<\/p>\n<p>Despu\u00e9s de sumergir a los participantes con su tama\u00f1o abrumador y resoluci\u00f3n mejorada en el CES 2019, \u00abThe Wall\u00bb impresionar\u00e1 nuevamente a los participantes en los eventos en Portugal y Singapur. Tambi\u00e9n se mostrar\u00e1n los principales televisores de estilo de vida de Samsung, el nuevo \u2018The Frame\u2019 y \u2018The Serif\u2019, con valores de dise\u00f1o \u00fanicos y resoluci\u00f3n mejorada despu\u00e9s de la adopci\u00f3n de la pantalla QLED por primera vez.<\/p>\n<p><strong>Nuevos productos que permiten la experiencia de Connected Life al siguiente nivel<\/strong><\/p>\n<p>Como se present\u00f3 en CES 2019 este enero, Connected Solution tambi\u00e9n se exhibir\u00e1 en Samsung Forum 2019. Basados \u200b\u200ben &#8216;New Bixby&#8217;, los socios comerciales globales pueden disfrutar de la experiencia de vida conectada con varios productos, incluidos QLED 8K, 2019 Family Hub, POWERBot y Galaxy Home. No solo eso, tambi\u00e9n pueden obtener experiencia pr\u00e1ctica sobre c\u00f3mo se conectan con productos de terceros.<\/p>\n<p>Durante el Foro Europeo, se demostrar\u00e1 que AR Solutions ayudar\u00e1 a los participantes a experimentar virtualmente los productos de Samsung y su interfuncionamiento con otros dispositivos en el entorno minorista con el objetivo de expandir la adopci\u00f3n de la tecnolog\u00eda en las tiendas minoristas locales.<\/p>\n<p>Ganador del premio CES Best of Innovation por cuatro a\u00f1os consecutivos, el 2019 Family Hub garantiza un mejor control de las funciones complejas con comandos de voz al admitir \u2018New Bixby\u2019, permitiendo una comunicaci\u00f3n familiar enriquecida y conexiones mejoradas con otros dispositivos.<\/p>\n<p>Los diversos productos m\u00f3viles de Samsung y los \u00faltimos tel\u00e9fonos inteligentes tambi\u00e9n estar\u00e1n en exhibici\u00f3n.<\/p>\n<p>Adem\u00e1s, Samsung tambi\u00e9n exhibir\u00e1 productos personalizados adaptados a las necesidades regionales. Los productos \u00abMake for India\u00bb, incluidos los hornos de microondas con m\u00e1s de 250 funciones de recetas indias y refrigeradores que pueden funcionar con energ\u00eda solar se lanzar\u00e1n durante el Foro del Suroeste Asi\u00e1tico.<\/p>\n<p>&nbsp;<\/p>\n","protected":false},"excerpt":{"rendered":"<p>Por: Gonzalo Mendoza Guruceaga Samsung Electronics Co., Ltd. presentar\u00e1 sus nuevos productos y soluciones a sus socios comerciales de todo el mundo en el Samsung Forum 2019. Durante el evento que se extender\u00e1 por dos meses, se exhibir\u00e1n productos estrat\u00e9gicos que incluyen la l\u00ednea QLED TV 2019, as\u00ed como productos personalizados para los mercados regionales. [&hellip;]<\/p>\n","protected":false},"author":2,"featured_media":4552,"comment_status":"closed","ping_status":"open","sticky":false,"template":"","format":"standard","meta":[],"categories":[93,4875,2],"tags":[5576,5583,4919,4881,5579,5578,5456,5584,4922,5577,4891,5575,2364,4876,5581,5580,5582],"wppr_data":[],"_links":{"self":[{"href":"https:\/\/www.notaoficial.com\/s\/wp-json\/wp\/v2\/posts\/4551"}],"collection":[{"href":"https:\/\/www.notaoficial.com\/s\/wp-json\/wp\/v2\/posts"}],"about":[{"href":"https:\/\/www.notaoficial.com\/s\/wp-json\/wp\/v2\/types\/post"}],"author":[{"embeddable":true,"href":"https:\/\/www.notaoficial.com\/s\/wp-json\/wp\/v2\/users\/2"}],"replies":[{"embeddable":true,"href":"https:\/\/www.notaoficial.com\/s\/wp-json\/wp\/v2\/comments?post=4551"}],"version-history":[{"count":1,"href":"https:\/\/www.notaoficial.com\/s\/wp-json\/wp\/v2\/posts\/4551\/revisions"}],"predecessor-version":[{"id":4553,"href":"https:\/\/www.notaoficial.com\/s\/wp-json\/wp\/v2\/posts\/4551\/revisions\/4553"}],"wp:featuredmedia":[{"embeddable":true,"href":"https:\/\/www.notaoficial.com\/s\/wp-json\/wp\/v2\/media\/4552"}],"wp:attachment":[{"href":"https:\/\/www.notaoficial.com\/s\/wp-json\/wp\/v2\/media?parent=4551"}],"wp:term":[{"taxonomy":"category","embeddable":true,"href":"https:\/\/www.notaoficial.com\/s\/wp-json\/wp\/v2\/categories?post=4551"},{"taxonomy":"post_tag","embeddable":true,"href":"https:\/\/www.notaoficial.com\/s\/wp-json\/wp\/v2\/tags?post=4551"}],"curies":[{"name":"wp","href":"https:\/\/api.w.org\/{rel}","templated":true}]}}