{"id":4557,"date":"2019-02-21T02:03:28","date_gmt":"2019-02-21T06:03:28","guid":{"rendered":"http:\/\/www.notaoficial.com\/s\/?p=4557"},"modified":"2019-02-20T20:05:24","modified_gmt":"2019-02-21T00:05:24","slug":"culmina-programacion-del-proyecto-plan-b-con-instalaciones-en-la-e-s-avila-de-altamira","status":"publish","type":"post","link":"https:\/\/www.notaoficial.com\/s\/2019\/02\/21\/culmina-programacion-del-proyecto-plan-b-con-instalaciones-en-la-e-s-avila-de-altamira\/","title":{"rendered":"Culmina programaci\u00f3n del proyecto PLAN B con instalaciones en la E\/S \u00c1vila de Altamira"},"content":{"rendered":"<p>Dos instalaciones en la Estaci\u00f3n de Servicio E\/S \u00c1vila de Altamira, el domingo 24 de febrero de 2019, cerrar\u00e1n la programaci\u00f3n del proyecto<strong> PLAN B: Caracas, Ciudad de Salida<\/strong>, que se viene presentando en distintos espacios de Caracas, con diversas instalaciones espaciales y procesos performativos que buscan evidenciar la manera como la emigraci\u00f3n masiva de venezolanos est\u00e1 transformando aspectos fundamentales de nuestro pa\u00eds y cultura.<\/p>\n<p>El domingo 24 de febrero de 10 am a 2 pm, se estar\u00e1 presentando la instalaci\u00f3n <strong>\u201cCirco: La Ciudad de Salida es inestable\u201d<\/strong>, a trav\u00e9s de un escenario de venta e intercambios temporales en el que distintas personas tendr\u00e1n la posibilidad de mostrar, intercambiar y vender toda clase de mercanc\u00edas, representando oportunidades econ\u00f3micas y de encuentros no normados, expresiones del capitalismo o del deseo de intercambio humano.<\/p>\n<p>Ese mismo d\u00eda de 3 a 5 pm, se podr\u00e1 participar en la instalaci\u00f3n <strong>\u201cDispersi\u00f3n: La Ciudad de Salida es una ciudad en muchas ciudades\u201d<\/strong>, en la que se plantea un encuentro de cierre con los ponentes invitados Sandra Pinardi, Luis Miguel Isava y Rafael Haliwa, quienes conversar\u00e1n sobre el tema de la Ciudad de Salida desde distintas \u00f3pticas.<\/p>\n<p>\u00bfQu\u00e9 viene despu\u00e9s de la Ciudad de Salida? \u00bfQu\u00e9 sucede con la ciudad cuando sus habitantes parten y la dispersan? Ser\u00e1n algunas de las reflexiones que se abordar\u00e1n con esta instalaci\u00f3n \u201cque se plantea como cierre de un proceso no lineal sino circular, que comenz\u00f3 con Caracas como urbe de llegada y termina con su dispersi\u00f3n en muchas ciudades alrededor del mundo, abriendo la puerta a un nuevo ciclo\u201d, seg\u00fan afirman los organizadores del proyecto.<\/p>\n<p>El proyecto <strong>PLAN B<\/strong> es dirigido por Stefan Gzyl, B\u00e9la Kunckel y Gerardo Rojas junto con Incursiones y Glocalstudio, y est\u00e1 enmarcado en la convocatoria realizada por el Goethe-Institut a nueve ciudades alrededor del mundo para desarrollar contenidos originales en torno al tema de las migraciones humanas, a ra\u00edz del \u00e9xito de la muestra <em>Making Heimat: Germany Arrival Country <\/em>con la que Alemania particip\u00f3 en la Bienal de Arquitectura de Venecia de 2016. Cuenta con el apoyo del Goethe-Institut, el Museo de Arquitectura Alemana de Frankfurt y Cultura Chacao, as\u00ed como tambi\u00e9n, con la participaci\u00f3n de actores dirigidos por Diana Volpe y Carlos Fabi\u00e1n Medina, adem\u00e1s de un nutrido grupo de dise\u00f1adores, fot\u00f3grafos y artistas que enriquecen las visiones y debates que el proyecto busca abrir.<\/p>\n<p>El p\u00fablico podr\u00e1 asistir al cierre del proyecto, que se llevar\u00e1 a cabo el domingo 24 de febrero de 2019 con las instalaciones <strong>\u201cCirco: La Ciudad de Salida es inestable\u201d<\/strong> de 10 am a 2 pm, y <strong>\u201cDispersi\u00f3n: La Ciudad de Salida es una ciudad en muchas ciudades\u201d<\/strong> de 3 a 5 pm, en la Estaci\u00f3n de Servicio E\/S \u00c1vila, ubicada en la avenida Luis Roche de Altamira. La entrada es libre.<\/p>\n<p>Para m\u00e1s informaci\u00f3n, visitar la p\u00e1gina web del Goethe-Institut <a href=\"http:\/\/www.goethe.de\/venezuela\" data-saferedirecturl=\"https:\/\/www.google.com\/url?q=http:\/\/www.goethe.de\/venezuela&amp;source=gmail&amp;ust=1550791498464000&amp;usg=AFQjCNE2f1F-LCsG-YCw0Mnn8fVzzfSr_Q\">www.goethe.de\/venezuela<\/a> o sus redes (Instagram, Twitter y Facebook) <a href=\"https:\/\/twitter.com\/goetheccs\" data-saferedirecturl=\"https:\/\/www.google.com\/url?q=https:\/\/twitter.com\/goetheccs&amp;source=gmail&amp;ust=1550791498464000&amp;usg=AFQjCNE6TZYa8JG1auGsYESXWbCCavjJdA\">@goetheccs<\/a>. Tambi\u00e9n la programaci\u00f3n estar\u00e1 disponible en <a href=\"https:\/\/twitter.com\/culturachacao\" data-saferedirecturl=\"https:\/\/www.google.com\/url?q=https:\/\/twitter.com\/culturachacao&amp;source=gmail&amp;ust=1550791498464000&amp;usg=AFQjCNHBisP9pK_REMa1tfq0cfCoWiGRKw\">@culturachacao<\/a> (Instagram, Twitter y Facebook) y el Instagram del proyecto <a href=\"https:\/\/www.instagram.com\/ciudaddesalida\/?hl=es-la\" data-saferedirecturl=\"https:\/\/www.google.com\/url?q=https:\/\/www.instagram.com\/ciudaddesalida\/?hl%3Des-la&amp;source=gmail&amp;ust=1550791498464000&amp;usg=AFQjCNE8JjATfstyfpGM84k3abW8jpq4Vg\">@ciudaddesalida<\/a><\/p>\n","protected":false},"excerpt":{"rendered":"<p>Dos instalaciones en la Estaci\u00f3n de Servicio E\/S \u00c1vila de Altamira, el domingo 24 de febrero de 2019, cerrar\u00e1n la programaci\u00f3n del proyecto PLAN B: Caracas, Ciudad de Salida, que se viene presentando en distintos espacios de Caracas, con diversas instalaciones espaciales y procesos performativos que buscan evidenciar la manera como la emigraci\u00f3n masiva de [&hellip;]<\/p>\n","protected":false},"author":2,"featured_media":4558,"comment_status":"closed","ping_status":"open","sticky":false,"template":"","format":"standard","meta":[],"categories":[463,2],"tags":[3113,5430,49,277,1431,2053],"wppr_data":[],"_links":{"self":[{"href":"https:\/\/www.notaoficial.com\/s\/wp-json\/wp\/v2\/posts\/4557"}],"collection":[{"href":"https:\/\/www.notaoficial.com\/s\/wp-json\/wp\/v2\/posts"}],"about":[{"href":"https:\/\/www.notaoficial.com\/s\/wp-json\/wp\/v2\/types\/post"}],"author":[{"embeddable":true,"href":"https:\/\/www.notaoficial.com\/s\/wp-json\/wp\/v2\/users\/2"}],"replies":[{"embeddable":true,"href":"https:\/\/www.notaoficial.com\/s\/wp-json\/wp\/v2\/comments?post=4557"}],"version-history":[{"count":1,"href":"https:\/\/www.notaoficial.com\/s\/wp-json\/wp\/v2\/posts\/4557\/revisions"}],"predecessor-version":[{"id":4559,"href":"https:\/\/www.notaoficial.com\/s\/wp-json\/wp\/v2\/posts\/4557\/revisions\/4559"}],"wp:featuredmedia":[{"embeddable":true,"href":"https:\/\/www.notaoficial.com\/s\/wp-json\/wp\/v2\/media\/4558"}],"wp:attachment":[{"href":"https:\/\/www.notaoficial.com\/s\/wp-json\/wp\/v2\/media?parent=4557"}],"wp:term":[{"taxonomy":"category","embeddable":true,"href":"https:\/\/www.notaoficial.com\/s\/wp-json\/wp\/v2\/categories?post=4557"},{"taxonomy":"post_tag","embeddable":true,"href":"https:\/\/www.notaoficial.com\/s\/wp-json\/wp\/v2\/tags?post=4557"}],"curies":[{"name":"wp","href":"https:\/\/api.w.org\/{rel}","templated":true}]}}