{"id":4571,"date":"2019-02-22T00:30:46","date_gmt":"2019-02-22T04:30:46","guid":{"rendered":"http:\/\/www.notaoficial.com\/s\/?p=4571"},"modified":"2019-02-21T20:10:09","modified_gmt":"2019-02-22T00:10:09","slug":"el-torito-y-zehenrique-de-promocion-en-miami","status":"publish","type":"post","link":"https:\/\/www.notaoficial.com\/s\/2019\/02\/22\/el-torito-y-zehenrique-de-promocion-en-miami\/","title":{"rendered":"El Torito y Zehenrique de promoci\u00f3n en Miami"},"content":{"rendered":"<p align=\"justify\"><strong>Hector Acosta \u201cEl Torito\u201d<\/strong> se une al cantautor brasile\u00f1o <strong>ZeHenrique<\/strong> para realizar una gira de promoci\u00f3n por Miami con el tema que tienen juntos \u201cEstupidamente Apaixonado\u201d el lunes 4 de marzo del presente a\u00f1o.<\/p>\n<p align=\"justify\">\u201cPara mi es un placer compartir con uno de los artistas que m\u00e1s admiro y respeto, no s\u00f3lo por su exitosa carrera profesional sino tambi\u00e9n por sus valores humanos\u201d expres\u00f3 ZeHenrique, quien luego de tener una exitosa carrera en su natal Brasil, apuesta por su lanzamiento internacional.<\/p>\n<p align=\"justify\">El tema fue compuesto por el propio Zehenrique fue producido por <strong>Eddie P\u00e9rez<\/strong> y <strong>Steven Cruz<\/strong>, adem\u00e1s cuenta con un impresionante v\u00eddeo grabado en la ciudad de Santo Domingo, Rep\u00fablica Dominicana bajo la direcci\u00f3n de <strong>Edgar Marrera<\/strong>.<\/p>\n<p align=\"justify\">Adem\u00e1s de ser un multipremiado compositor, Zehenrique tambi\u00e9n es reconocido y respetado en el medio art\u00edstico como un excelente instrumentista, participando de grandes proyectos y del CD de varios artistas del segmento, convirti\u00e9ndose en uno de los principales violines de Brasil.<\/p>\n<p align=\"justify\">Como interprete, fue la primera voz del d\u00fao con Gabriel, Z\u00e9 Henrique y Gabriel, logrando 20 a\u00f1os de \u00e9xitos en todo Brasil y ahora lanza su carrera como solista donde incluye temas en sertanejo y tambi\u00e9n en bachata, como lo hizo con El Torito.<\/p>\n<p>&nbsp;<\/p>\n","protected":false},"excerpt":{"rendered":"<p>Hector Acosta \u201cEl Torito\u201d se une al cantautor brasile\u00f1o ZeHenrique para realizar una gira de promoci\u00f3n por Miami con el tema que tienen juntos \u201cEstupidamente Apaixonado\u201d el lunes 4 de marzo del presente a\u00f1o. \u201cPara mi es un placer compartir con uno de los artistas que m\u00e1s admiro y respeto, no s\u00f3lo por su exitosa [&hellip;]<\/p>\n","protected":false},"author":2,"featured_media":4572,"comment_status":"closed","ping_status":"open","sticky":false,"template":"","format":"standard","meta":[],"categories":[146],"tags":[3900,3902,3904,2089,249,468,824,3901,3905,3903],"wppr_data":[],"_links":{"self":[{"href":"https:\/\/www.notaoficial.com\/s\/wp-json\/wp\/v2\/posts\/4571"}],"collection":[{"href":"https:\/\/www.notaoficial.com\/s\/wp-json\/wp\/v2\/posts"}],"about":[{"href":"https:\/\/www.notaoficial.com\/s\/wp-json\/wp\/v2\/types\/post"}],"author":[{"embeddable":true,"href":"https:\/\/www.notaoficial.com\/s\/wp-json\/wp\/v2\/users\/2"}],"replies":[{"embeddable":true,"href":"https:\/\/www.notaoficial.com\/s\/wp-json\/wp\/v2\/comments?post=4571"}],"version-history":[{"count":1,"href":"https:\/\/www.notaoficial.com\/s\/wp-json\/wp\/v2\/posts\/4571\/revisions"}],"predecessor-version":[{"id":4573,"href":"https:\/\/www.notaoficial.com\/s\/wp-json\/wp\/v2\/posts\/4571\/revisions\/4573"}],"wp:featuredmedia":[{"embeddable":true,"href":"https:\/\/www.notaoficial.com\/s\/wp-json\/wp\/v2\/media\/4572"}],"wp:attachment":[{"href":"https:\/\/www.notaoficial.com\/s\/wp-json\/wp\/v2\/media?parent=4571"}],"wp:term":[{"taxonomy":"category","embeddable":true,"href":"https:\/\/www.notaoficial.com\/s\/wp-json\/wp\/v2\/categories?post=4571"},{"taxonomy":"post_tag","embeddable":true,"href":"https:\/\/www.notaoficial.com\/s\/wp-json\/wp\/v2\/tags?post=4571"}],"curies":[{"name":"wp","href":"https:\/\/api.w.org\/{rel}","templated":true}]}}