{"id":4577,"date":"2019-02-22T22:10:14","date_gmt":"2019-02-23T02:10:14","guid":{"rendered":"http:\/\/www.notaoficial.com\/s\/?p=4577"},"modified":"2019-02-22T21:14:54","modified_gmt":"2019-02-23T01:14:54","slug":"pilgrims-tiene-nuevo-videoclip-old-kilkenny","status":"publish","type":"post","link":"https:\/\/www.notaoficial.com\/s\/2019\/02\/22\/pilgrims-tiene-nuevo-videoclip-old-kilkenny\/","title":{"rendered":"Pilgrim&#8217;s tiene nuevo videoclip: \u00abOld Kilkenny\u00bb"},"content":{"rendered":"<p align=\"justify\"><span lang=\"ES-TRAD\">El viejo <b>Kilkenny<\/b>, un pirata al que la vida le persigue por sus malas decisiones, es su carta de presentaci\u00f3n. Y tambi\u00e9n una declaraci\u00f3n de intenciones a ritmo de punk folk irland\u00e9s. Ya que los <b>Pilgrim&#8217;s<\/b> llegan decididos a revolucionar la esfera musical con un viaje en el tiempo a la vieja Irlanda, tierra de leprechauns y cerveza. Para lograrlo, cuentan con la voz y la guitarra de <b>Nicolas Escott<\/b>, el bajo de <b>\u00cd\u00f1igo Garc\u00eda<\/b>, la flauta de <b>Ion Garc\u00eda<\/b>, la bater\u00eda de <b>Xabi Altuna (Patta)<\/b> y el viol\u00edn de <b>Eneko P\u00e1ez<\/b>, quien, en algunas canciones, lo cambia por la zanfo\u00f1a, un instrumento de origen medieval de la familia de la cuerda.<\/span><\/p>\n<p align=\"justify\"><span lang=\"ES-TRAD\">La andadura de este grupo de peregrinos comenz\u00f3 en 2016, alrededor de una mesa, durante una celebraci\u00f3n familiar en la que los primos Ion e \u00cd\u00f1igo pusieron el germen de lo que m\u00e1s adelante, ser\u00eda <b>Pilgrim&#8217;s<\/b>. La incorporaci\u00f3n de Nicolas, de la mano de \u00cd\u00f1igo, dio el pistoletazo de salida a un intenso a\u00f1o de trabajo en el que vieron la luz algunos de los temas que hoy forman parte del repertorio del grupo y en el que tambi\u00e9n hubo tiempo para incorporar nuevos fichajes. As\u00ed, una vez comenzada la grabaci\u00f3n de varios temas, Eneko decidi\u00f3 unirse a la tripulaci\u00f3n de los Pilgrim\u2019s con algunas indicaciones de las l\u00edneas musicales de varias canciones como hoja de ruta.<\/span><\/p>\n<p align=\"justify\"><span lang=\"ES-TRAD\">Finalmente, nacen <b>\u201cI Can\u2019t Help It\u201d<\/b>, <b>\u201cI&#8217;m Still Here\u201d<\/b> y <b>\u201cOld Kilkenny\u201d<\/b>, los tres temas con los que este grupo de peregrinos dar\u00e1n a conocer su camino. Pero no llegan solos, sino que vienen acompa\u00f1adas de Xabi Altuna (Patta), que aparece en escena con la fuerza de un cicl\u00f3n para poner sus baquetas a merced del grupo. Una vez reunida la banda, y tras cosechar un gran \u00e9xito en redes sociales, los <b>Pilgrim&#8217;s<\/b> deciden traer a la vida al viejo y malogrado pirata en el videoclip del tema \u201cOld Kilkenny\u201d, producido por <b>WeFeelM.com<\/b>.<\/span><\/p>\n<p align=\"justify\"><span lang=\"ES-TRAD\">Ahora, una vez puestas las primeras piedras, los <b>Pilgrim&#8217;s <\/b>siguen trabajando en nuevas temas, muchos de los cuales nacen de la flauta de Ion, creciendo hasta convertirse en una m\u00e1quina del tiempo con la que viajar a tierras irlandesas. La banda ya se encuentra en pleno proceso de grabaci\u00f3n y muy pronto habr\u00e1 noticias sobre su nuevo trabajo discogr\u00e1fico.<\/span><\/p>\n","protected":false},"excerpt":{"rendered":"<p>El viejo Kilkenny, un pirata al que la vida le persigue por sus malas decisiones, es su carta de presentaci\u00f3n. Y tambi\u00e9n una declaraci\u00f3n de intenciones a ritmo de punk folk irland\u00e9s. Ya que los Pilgrim&#8217;s llegan decididos a revolucionar la esfera musical con un viaje en el tiempo a la vieja Irlanda, tierra de [&hellip;]<\/p>\n","protected":false},"author":2,"featured_media":4578,"comment_status":"closed","ping_status":"open","sticky":false,"template":"","format":"standard","meta":[],"categories":[146],"tags":[5652,5648,5649,5645,5647,5651,5646,5650],"wppr_data":[],"_links":{"self":[{"href":"https:\/\/www.notaoficial.com\/s\/wp-json\/wp\/v2\/posts\/4577"}],"collection":[{"href":"https:\/\/www.notaoficial.com\/s\/wp-json\/wp\/v2\/posts"}],"about":[{"href":"https:\/\/www.notaoficial.com\/s\/wp-json\/wp\/v2\/types\/post"}],"author":[{"embeddable":true,"href":"https:\/\/www.notaoficial.com\/s\/wp-json\/wp\/v2\/users\/2"}],"replies":[{"embeddable":true,"href":"https:\/\/www.notaoficial.com\/s\/wp-json\/wp\/v2\/comments?post=4577"}],"version-history":[{"count":1,"href":"https:\/\/www.notaoficial.com\/s\/wp-json\/wp\/v2\/posts\/4577\/revisions"}],"predecessor-version":[{"id":4579,"href":"https:\/\/www.notaoficial.com\/s\/wp-json\/wp\/v2\/posts\/4577\/revisions\/4579"}],"wp:featuredmedia":[{"embeddable":true,"href":"https:\/\/www.notaoficial.com\/s\/wp-json\/wp\/v2\/media\/4578"}],"wp:attachment":[{"href":"https:\/\/www.notaoficial.com\/s\/wp-json\/wp\/v2\/media?parent=4577"}],"wp:term":[{"taxonomy":"category","embeddable":true,"href":"https:\/\/www.notaoficial.com\/s\/wp-json\/wp\/v2\/categories?post=4577"},{"taxonomy":"post_tag","embeddable":true,"href":"https:\/\/www.notaoficial.com\/s\/wp-json\/wp\/v2\/tags?post=4577"}],"curies":[{"name":"wp","href":"https:\/\/api.w.org\/{rel}","templated":true}]}}