{"id":4580,"date":"2019-02-22T23:16:10","date_gmt":"2019-02-23T03:16:10","guid":{"rendered":"http:\/\/www.notaoficial.com\/s\/?p=4580"},"modified":"2019-02-22T21:22:22","modified_gmt":"2019-02-23T01:22:22","slug":"pawer-es-la-marca-de-ropa-oficial-del-festival-nuestro-amanecer","status":"publish","type":"post","link":"https:\/\/www.notaoficial.com\/s\/2019\/02\/22\/pawer-es-la-marca-de-ropa-oficial-del-festival-nuestro-amanecer\/","title":{"rendered":"Pawer es la marca de ropa oficial del festival Nuestro Amanecer"},"content":{"rendered":"<p>Desde el 1ero al 4 de marzo, el estado M\u00e9rida se llenar\u00e1 de la buena m\u00fasica de talentos criollos e internacionales en la primera edici\u00f3n del <strong>Festival Nuestro Amanecer<\/strong> <strong>(Nuer)<\/strong>, un encuentro cultural que, con el apoyo de distintas marcas, busca romper paradigmas y sentar precedentes en la industria cultural venezolana.<\/p>\n<p>En esta oportunidad, la marca de ropa casual y deportiva <strong><em>Pawer<\/em><\/strong> se suma a la iniciativa siendo la vestimenta oficial del evento, con una colecci\u00f3n exclusiva titulada <strong><em>\u201cPawer x Nuer\u201d<\/em><\/strong>, la cual estar\u00e1 a la venta durante la jornada y que contempla distintas piezas, todas confeccionadas en el territorio nacional: franelas manga corta y larga,\u00a0camisetas, sudaderas -o Hoodies- y gorras.<\/p>\n<p>Con la compra de los accesos VIP, los asistentes recibir\u00e1n una gorra y una franela para disfrutar de las presentaciones. <strong><em>Pawer <\/em><\/strong>tambi\u00e9n<strong><em>\u00a0<\/em><\/strong>se encargar\u00e1 de vestir al equipo encargado de los accesos, producci\u00f3n y escenario, y tendr\u00e1 presencia en un stand de venta en los espacios del evento.<\/p>\n<p>\u201cEstamos orgullosos de formar parte de la primera edici\u00f3n de <strong>Nuestro Amanecer<\/strong>, una iniciativa que refleja la convicci\u00f3n de quienes queremos\u00a0lo mejor para nuestro pa\u00eds y su gente\u201d, afirma Andr\u00e9s Devletian, uno de los socios fundadores de la marca.<\/p>\n<p>En esta colaboraci\u00f3n surgen dise\u00f1os innovadores que reflejan la uni\u00f3n entre <strong><em>Pawer <\/em><\/strong>y el <strong>Nuer<\/strong>, resaltando sus caracter\u00edsticos logotipos junto a la llamativa imagen gr\u00e1fica del festival. Entre ellos, destaca la presencia de Ugo, un corpulento gorila que representa al esp\u00edritu animal de la marca y que esta vez, acompa\u00f1ar\u00e1 a cada una de las piezas que conforman la colecci\u00f3n.<\/p>\n<p>Para conocer m\u00e1s sobre\u00a0<strong><em>Pawer,<\/em><\/strong> visita su perfil de Instagram: @paw3r.<\/p>\n<div><strong>Acerca de <em>Pawer<\/em><\/strong><\/div>\n<div>\nNace como un emprendimiento en la industria textil nacional masculina bajo la tutela de los caraque\u00f1os Tito Guti\u00e9rrez, Francisco Bielsa y Andr\u00e9s Devletian, tres amigos que consideran el deporte como una parte fundamental de sus vidas.<\/p>\n<p>Juntos decidieron crear una l\u00ednea de ropa casual que ahora tambi\u00e9n incluye atractivas piezas deportivas de gran calidad, con el fin de hacer sentir a las personas en control total de cualquier situaci\u00f3n con la que se puedan topar en su d\u00eda a d\u00eda.<\/p>\n<p><em><strong>Pawer<\/strong><\/em> entra oficialmente al mercado venezolano en 2017 como una opci\u00f3n para el consumidor venezolano y, gracias a su propuesta de valor, ha logrado posicionarse como una referencia para j\u00f3venes y deportistas dentro y fuera del pa\u00eds.<\/div>\n","protected":false},"excerpt":{"rendered":"<p>Desde el 1ero al 4 de marzo, el estado M\u00e9rida se llenar\u00e1 de la buena m\u00fasica de talentos criollos e internacionales en la primera edici\u00f3n del Festival Nuestro Amanecer (Nuer), un encuentro cultural que, con el apoyo de distintas marcas, busca romper paradigmas y sentar precedentes en la industria cultural venezolana. En esta oportunidad, la [&hellip;]<\/p>\n","protected":false},"author":2,"featured_media":4581,"comment_status":"closed","ping_status":"open","sticky":false,"template":"","format":"standard","meta":[],"categories":[93,5653,2],"tags":[5657,5660,5656,5658,5659,5654,5655],"wppr_data":[],"_links":{"self":[{"href":"https:\/\/www.notaoficial.com\/s\/wp-json\/wp\/v2\/posts\/4580"}],"collection":[{"href":"https:\/\/www.notaoficial.com\/s\/wp-json\/wp\/v2\/posts"}],"about":[{"href":"https:\/\/www.notaoficial.com\/s\/wp-json\/wp\/v2\/types\/post"}],"author":[{"embeddable":true,"href":"https:\/\/www.notaoficial.com\/s\/wp-json\/wp\/v2\/users\/2"}],"replies":[{"embeddable":true,"href":"https:\/\/www.notaoficial.com\/s\/wp-json\/wp\/v2\/comments?post=4580"}],"version-history":[{"count":1,"href":"https:\/\/www.notaoficial.com\/s\/wp-json\/wp\/v2\/posts\/4580\/revisions"}],"predecessor-version":[{"id":4582,"href":"https:\/\/www.notaoficial.com\/s\/wp-json\/wp\/v2\/posts\/4580\/revisions\/4582"}],"wp:featuredmedia":[{"embeddable":true,"href":"https:\/\/www.notaoficial.com\/s\/wp-json\/wp\/v2\/media\/4581"}],"wp:attachment":[{"href":"https:\/\/www.notaoficial.com\/s\/wp-json\/wp\/v2\/media?parent=4580"}],"wp:term":[{"taxonomy":"category","embeddable":true,"href":"https:\/\/www.notaoficial.com\/s\/wp-json\/wp\/v2\/categories?post=4580"},{"taxonomy":"post_tag","embeddable":true,"href":"https:\/\/www.notaoficial.com\/s\/wp-json\/wp\/v2\/tags?post=4580"}],"curies":[{"name":"wp","href":"https:\/\/api.w.org\/{rel}","templated":true}]}}