{"id":4604,"date":"2019-02-24T22:01:26","date_gmt":"2019-02-25T02:01:26","guid":{"rendered":"http:\/\/www.notaoficial.com\/s\/?p=4604"},"modified":"2019-02-24T14:03:28","modified_gmt":"2019-02-24T18:03:28","slug":"jossie-esteban-presenta-lo-nuevo-a-cambio-de-que","status":"publish","type":"post","link":"https:\/\/www.notaoficial.com\/s\/2019\/02\/24\/jossie-esteban-presenta-lo-nuevo-a-cambio-de-que\/","title":{"rendered":"Jossie Esteban presenta lo nuevo: \u201cA cambio de qu\u00e9\u201d"},"content":{"rendered":"<p align=\"justify\">El exitoso merenguero dominicano <strong>Jossie Esteban<\/strong> present\u00f3 su nuevo sencillo musical \u201c<a href=\"https:\/\/sable.madmimi.com\/c\/28511?id=9723765.11566.1.48946f943e5c40f9abab8aaa95a87eb5\" target=\"_blank\" rel=\"noopener\" data-saferedirecturl=\"https:\/\/www.google.com\/url?q=https:\/\/sable.madmimi.com\/c\/28511?id%3D9723765.11566.1.48946f943e5c40f9abab8aaa95a87eb5&amp;source=gmail&amp;ust=1551117676001000&amp;usg=AFQjCNH8sozVZ4bLYoy6sVfOsynEP2Hl9Q\">A cambio de qu\u00e9<\/a>\u201d, una canci\u00f3n de la autor\u00eda del compositor mexicano <strong>Javier Santos Cortes<\/strong>, la cual es relanzada ahora con una interpretaci\u00f3n renovada y nuevos arreglos musicales de la mano del reconocido m\u00fasico y productor <strong>Pedro Valdez<\/strong>.<\/p>\n<p align=\"justify\">En esta nueva etapa de su carrera, Jossie Esteban, viene bajo el manejo del empresario <strong>Evelio Herrera<\/strong> y su compa\u00f1\u00eda <strong>EH Eventos<\/strong>, quien espera llenar las expectativas de sus seguidores y de los amantes del ritmo aut\u00f3ctono de la Rep\u00fablica Dominicana.<\/p>\n<p align=\"justify\">El sencillo \u201cA cambio de qu\u00e9\u201d comenz\u00f3 a sentirse en las estaciones de radio de todo el pa\u00eds y ya se encuentra en las plataformas digitales como Spotify, ITunes, CDBaby, entre otras.<\/p>\n<p align=\"justify\">Para finales de febrero, adelant\u00f3 el artista, que estrenar\u00e1 el audiovisual que acompa\u00f1ar\u00e1 dicho sencillo a trav\u00e9s de su canal oficial de Youtube.<\/p>\n<p align=\"justify\">\u201cLo mejor de la vida es llevar alegr\u00eda y amor a los dem\u00e1s y hacerlo a trav\u00e9s de la m\u00fasica y el canto que es lo que m\u00e1s me apasiona\u201c, destac\u00f3 el cantante, compositor, productor y empresario.<\/p>\n<p align=\"justify\">A lo largo de sus cuatro d\u00e9cadas de carrera musical, el artista oriundo La Vega, Rep\u00fablica Dominicana, ha sido galardonado con premios tales como: El Congo de oro de los famosos carnavales de Barranquilla Colombia; Orquesta del a\u00f1o, en New York; Orquesta internacional, en Costa Rica; Disco de Oro, en Panam\u00e1, Santo Domingo y Puerto Rico. Adem\u00e1s de Disco de platino en Puerto Rico, y Premios Diplo y Agueybana, entre muchos otros reconocimientos.<\/p>\n<p align=\"justify\">El artista cuenta con un repertorio de m\u00e1s de 35 \u00e9xitos entre los que se encuentran: \u201cYo me siento enamorado\u201d, \u201cNoche de copas\u201d, \u201cUn hombre busca una mujer\u201d y \u201cEn victoria estoy\u201d, entre otros.<\/p>\n<p align=\"justify\">Jossie Esteban emprender\u00e1 una gira de solo \u00e9xitos por toda Rep\u00fablica Dominicana y Centro y Sur Am\u00e9rica, El Caribe, Estados Unidos y Europa.<\/p>\n<p>&nbsp;<\/p>\n","protected":false},"excerpt":{"rendered":"<p>El exitoso merenguero dominicano Jossie Esteban present\u00f3 su nuevo sencillo musical \u201cA cambio de qu\u00e9\u201d, una canci\u00f3n de la autor\u00eda del compositor mexicano Javier Santos Cortes, la cual es relanzada ahora con una interpretaci\u00f3n renovada y nuevos arreglos musicales de la mano del reconocido m\u00fasico y productor Pedro Valdez. En esta nueva etapa de su [&hellip;]<\/p>\n","protected":false},"author":2,"featured_media":4605,"comment_status":"closed","ping_status":"open","sticky":false,"template":"","format":"standard","meta":[],"categories":[146],"tags":[5695,5698,5700,1992,255,484,5699,4918,5696,5694,5697,468,405,5701],"wppr_data":[],"_links":{"self":[{"href":"https:\/\/www.notaoficial.com\/s\/wp-json\/wp\/v2\/posts\/4604"}],"collection":[{"href":"https:\/\/www.notaoficial.com\/s\/wp-json\/wp\/v2\/posts"}],"about":[{"href":"https:\/\/www.notaoficial.com\/s\/wp-json\/wp\/v2\/types\/post"}],"author":[{"embeddable":true,"href":"https:\/\/www.notaoficial.com\/s\/wp-json\/wp\/v2\/users\/2"}],"replies":[{"embeddable":true,"href":"https:\/\/www.notaoficial.com\/s\/wp-json\/wp\/v2\/comments?post=4604"}],"version-history":[{"count":1,"href":"https:\/\/www.notaoficial.com\/s\/wp-json\/wp\/v2\/posts\/4604\/revisions"}],"predecessor-version":[{"id":4606,"href":"https:\/\/www.notaoficial.com\/s\/wp-json\/wp\/v2\/posts\/4604\/revisions\/4606"}],"wp:featuredmedia":[{"embeddable":true,"href":"https:\/\/www.notaoficial.com\/s\/wp-json\/wp\/v2\/media\/4605"}],"wp:attachment":[{"href":"https:\/\/www.notaoficial.com\/s\/wp-json\/wp\/v2\/media?parent=4604"}],"wp:term":[{"taxonomy":"category","embeddable":true,"href":"https:\/\/www.notaoficial.com\/s\/wp-json\/wp\/v2\/categories?post=4604"},{"taxonomy":"post_tag","embeddable":true,"href":"https:\/\/www.notaoficial.com\/s\/wp-json\/wp\/v2\/tags?post=4604"}],"curies":[{"name":"wp","href":"https:\/\/api.w.org\/{rel}","templated":true}]}}