{"id":4639,"date":"2019-02-27T19:16:33","date_gmt":"2019-02-27T23:16:33","guid":{"rendered":"http:\/\/www.notaoficial.com\/s\/?p=4639"},"modified":"2019-02-27T19:16:33","modified_gmt":"2019-02-27T23:16:33","slug":"huracan-romantica-vuelve-el-show","status":"publish","type":"post","link":"https:\/\/www.notaoficial.com\/s\/2019\/02\/27\/huracan-romantica-vuelve-el-show\/","title":{"rendered":"Hurac\u00e1n Rom\u00e1ntica: vuelve el show"},"content":{"rendered":"<p><strong>Hurac\u00e1n Rom\u00e1ntica<\/strong> es el nuevo proyecto musical puesto en marcha por el propio <strong>Hurac\u00e1n Rom\u00e1ntica<\/strong>, vocalista de <strong>La Pulquer\u00eda<\/strong>. \u00c9l, junto a Roqui Moreno -guitarra-,\u00a0Albert Montenegre -bajo-, Richy Monteagudo -bater\u00eda- y Carlos Zanetti -guitarra- son <strong>Hurac\u00e1n Rom\u00e1ntica<\/strong>, una idea de banda que toma el nombre art\u00edstico del vocalista y que ya rondaba hace dos a\u00f1os la cabeza de <strong>Hurac\u00e1n Rom\u00e1ntica<\/strong>, \u00e1vido por <strong>explorar nuevos terrenos musicales<\/strong>.<\/p>\n<p>Nos encontramos ante un grupo\u00a0con una<strong> fuerte puesta en escena <\/strong>y un<strong> frontman que garantiza el show absoluto<\/strong>, una apuesta segura para convertirse en el nuevo fen\u00f3meno musical del a\u00f1o. <strong>Hurac\u00e1n Rom\u00e1ntica <\/strong>son una\u00a0<strong>banda de rock con sonoridades brit\u00e1nicas, latinas y circenses<\/strong>, seg\u00fan el capricho o la necesidad; sus letras son elocuentes y diversas; las guitarras intensas y sutiles&#8230; Un combo administrado con desparpajo por un <strong>maestro de ceremonias que maneja con solvencia a su p\u00fablico <\/strong>y al de los dem\u00e1s.<\/p>\n<p>La carta de presentaci\u00f3n de <strong>Hurac\u00e1n Rom\u00e1ntica<\/strong> es el tema que se estrena hoy,\u00a0<strong><em>Esto es lo que soy,<\/em><\/strong>\u00a0una <strong>canci\u00f3n eminentemente rock <\/strong>que\u00a0habla de la <strong>auto aceptaci\u00f3n como animal de escenario. <\/strong>En este adelanto\u00a0queda latente el <strong>c\u00famulo de influencias <\/strong>que recogen\u00a0<strong>Hurac\u00e1n Rom\u00e1ntica <\/strong>y\u00a0que van desde\u00a0<strong>Madness <\/strong>a\u00a0<strong>Radio Futura<\/strong>,<strong> The Police<\/strong> o<strong> Calle 13<\/strong>. El single ya est\u00e1 <strong>disponible en plataformas digitales<\/strong> y el <strong>videoclip<\/strong> -dirigido por\u00a0 \u00d3scar Corrons de NOP Films- puede verse en el canal de YouTube de la banda.<\/p>\n<p>El\u00a0<strong>disco debut<\/strong> de <strong>Hurac\u00e1n Rom\u00e1ntica <\/strong>se publicar\u00e1 el <strong>22 de marzo <\/strong>y ya se han anunciado las <strong>primeras fechas de presentaci\u00f3n<\/strong> en directo con citas confirmadas en\u00a0<strong>Alicante, Madrid, Albacete, Murcia, Zaragoza <\/strong>y<strong> Val\u00e8ncia<\/strong>.\u00a0Las entradas ya est\u00e1n disponibles en <a href=\"http:\/\/granconvoy.acmbtrc.com\/url\/ver\/30919713\/\/668082\/CUih1CG47jZbInPw3g2dejGCsXAFv72KODtN0LkzIibpPqsOoyZ\" target=\"_blank\" rel=\"noopener\" data-saferedirecturl=\"https:\/\/www.google.com\/url?q=http:\/\/granconvoy.acmbtrc.com\/url\/ver\/30919713\/\/668082\/CUih1CG47jZbInPw3g2dejGCsXAFv72KODtN0LkzIibpPqsOoyZ&amp;source=gmail&amp;ust=1551395636075000&amp;usg=AFQjCNHQ_iHVZupVMzEWoTbiTmhOgn-rZA\">Wegow<\/a>.<\/p>\n<p><strong>Hurac\u00e1n Rom\u00e1ntica: vuelve el show.<\/strong><\/p>\n","protected":false},"excerpt":{"rendered":"<p>Hurac\u00e1n Rom\u00e1ntica es el nuevo proyecto musical puesto en marcha por el propio Hurac\u00e1n Rom\u00e1ntica, vocalista de La Pulquer\u00eda. \u00c9l, junto a Roqui Moreno -guitarra-,\u00a0Albert Montenegre -bajo-, Richy Monteagudo -bater\u00eda- y Carlos Zanetti -guitarra- son Hurac\u00e1n Rom\u00e1ntica, una idea de banda que toma el nombre art\u00edstico del vocalista y que ya rondaba hace dos a\u00f1os [&hellip;]<\/p>\n","protected":false},"author":2,"featured_media":4640,"comment_status":"closed","ping_status":"open","sticky":false,"template":"","format":"standard","meta":[],"categories":[146],"tags":[5739,1192,5738,5734,5735,1204,3809,5736,5737,1438,1208],"wppr_data":[],"_links":{"self":[{"href":"https:\/\/www.notaoficial.com\/s\/wp-json\/wp\/v2\/posts\/4639"}],"collection":[{"href":"https:\/\/www.notaoficial.com\/s\/wp-json\/wp\/v2\/posts"}],"about":[{"href":"https:\/\/www.notaoficial.com\/s\/wp-json\/wp\/v2\/types\/post"}],"author":[{"embeddable":true,"href":"https:\/\/www.notaoficial.com\/s\/wp-json\/wp\/v2\/users\/2"}],"replies":[{"embeddable":true,"href":"https:\/\/www.notaoficial.com\/s\/wp-json\/wp\/v2\/comments?post=4639"}],"version-history":[{"count":1,"href":"https:\/\/www.notaoficial.com\/s\/wp-json\/wp\/v2\/posts\/4639\/revisions"}],"predecessor-version":[{"id":4641,"href":"https:\/\/www.notaoficial.com\/s\/wp-json\/wp\/v2\/posts\/4639\/revisions\/4641"}],"wp:featuredmedia":[{"embeddable":true,"href":"https:\/\/www.notaoficial.com\/s\/wp-json\/wp\/v2\/media\/4640"}],"wp:attachment":[{"href":"https:\/\/www.notaoficial.com\/s\/wp-json\/wp\/v2\/media?parent=4639"}],"wp:term":[{"taxonomy":"category","embeddable":true,"href":"https:\/\/www.notaoficial.com\/s\/wp-json\/wp\/v2\/categories?post=4639"},{"taxonomy":"post_tag","embeddable":true,"href":"https:\/\/www.notaoficial.com\/s\/wp-json\/wp\/v2\/tags?post=4639"}],"curies":[{"name":"wp","href":"https:\/\/api.w.org\/{rel}","templated":true}]}}