{"id":4642,"date":"2019-02-27T21:17:10","date_gmt":"2019-02-28T01:17:10","guid":{"rendered":"http:\/\/www.notaoficial.com\/s\/?p=4642"},"modified":"2019-02-27T19:20:49","modified_gmt":"2019-02-27T23:20:49","slug":"mahou-cinco-estrellas-se-suma-a-las-fallas-con-la-mahoucleta-una-propuesta-musical-eclectica","status":"publish","type":"post","link":"https:\/\/www.notaoficial.com\/s\/2019\/02\/27\/mahou-cinco-estrellas-se-suma-a-las-fallas-con-la-mahoucleta-una-propuesta-musical-eclectica\/","title":{"rendered":"Mahou Cinco Estrellas se suma a las Fallas con la Mahouclet\u00e1, una propuesta musical ecl\u00e9ctica"},"content":{"rendered":"<div>Val\u00e8ncia se llenar\u00e1 de m\u00fasica en Fallas. Un sonido que este a\u00f1o vendr\u00e1 tambi\u00e9n de la mano de Mahou, que traer\u00e1 a la ciudad a algunos de los grupos m\u00e1s ecl\u00e9ticos del panorama nacional. Del 15 al 17 de marzo, artistas como Chimo Bayo o Los Vinagres se subir\u00e1n al escenario\u00a0 que ha preparado la marca cervecera en la Falla Almirante Cadarso-Conde Altea. Una fiesta, la <strong>Mahouclet\u00e1<\/strong>, que propone una experiencia fallera diferente donde los asistentes vibrar\u00e1n con las sesiones de los DJ\u2019s y artistas m\u00e1s transgresores de la escena nacional.<\/p>\n<p>El m\u00edtico DJ valenciano <strong>Chimo Bayo <\/strong>ser\u00e1 el encargado de abrir esta propuesta musical el viernes 15 y, sin duda, har\u00e1 bailar al p\u00fablico reviviendo la \u00e9poca dorada de la noche valenciana. Le seguir\u00e1 <strong>Petr\u00f3leo <\/strong>el s\u00e1bado 16, una peculiar banda nacida de la suma de Tigres Leones y el c\u00f3mico Ignatius Farray, que se sumar\u00e1 a esta fiesta de la Mahouclet\u00e1 con un show que huye de las etiquetas y en el que rock y humor estar\u00e1n muy presentes.<\/p>\n<p>El domingo 17, <strong>Los Vinagres <\/strong>pondr\u00e1n su toque de rock -volc\u00e1nico y en\u00e9rgico, con un directo que ser\u00e1 toda una verbena el\u00e9ctrica. <strong>Don Fl\u00faor <\/strong>abrir\u00e1 y cerrar\u00e1 con sus sesiones la Mahouclet\u00e1 estos tres d\u00edas, redefiniendo el concepto de fiesta con una propuesta divertida y bailable a ritmo de house, indietr\u00f3nica y techno.<\/p>\n<p>Pero la Mahouclet\u00e1 ser\u00e1 mucho m\u00e1s que m\u00fasica porque Mahou ha desarrollado una l\u00ednea \u00fanica de regalos coleccionables, ambientados en el sonido y en la fiesta fallera:los<strong> Pack Sonoros de Mahou<\/strong>. Una colecci\u00f3n para los verdaderos amantes de la buena cerveza y de las Fallas que se podr\u00e1 conseguir a trav\u00e9s de pincodes que se encuentran en los collarines de Mahou Cinco Estrellas y\/o Mahou Sin y canjearlos en <a href=\"http:\/\/granconvoy.acmbtrc.com\/url\/ver\/30962932\/\/669605\/O7ML4qXkRRdfICEn2jjdvzd400aoRMEgYe0ayxiMDq\" target=\"_blank\" rel=\"noopener\" data-saferedirecturl=\"https:\/\/www.google.com\/url?q=http:\/\/granconvoy.acmbtrc.com\/url\/ver\/30962932\/\/669605\/O7ML4qXkRRdfICEn2jjdvzd400aoRMEgYe0ayxiMDq&amp;source=gmail&amp;ust=1551395635932000&amp;usg=AFQjCNH8jgW4N_Lom7FrKyFDWfhhG2jDNw\">mahou.es\/mahoufallas2019<\/a>, donde se ofrece m\u00e1s informaci\u00f3n sobre las propuestas experienciales de Mahou para estas fiestas.<\/p>\n<p>Con iniciativas como esta, Mahou comparte la pasi\u00f3n, el alma y la cercan\u00eda entre los artistas y el p\u00fablico, ofreciendo experiencias innovadoras en torno a la m\u00fasica y el ocio.<\/p>\n<p><strong>Ubicaci\u00f3n de laMahouclet\u00e1: <\/strong>Falla Almirante Cadarso-Conde Altea<\/p>\n<p><strong>Horario de la Mahouclet\u00e1: <\/strong>Del 15 al 17 de marzo de 23:00h a 02:00h<\/div>\n<div><\/div>\n<div><strong>Horario de actuaciones:<\/strong>\n<\/div>\n<div>\n<ul>\n<li><strong>Viernes 15 marzo: <\/strong>Chimo Bayo y Don Fl\u00faor desde las 23:30h<\/li>\n<\/ul>\n<div><\/div>\n<ul>\n<li><strong>S\u00e1bado 16 marzo:<\/strong> Petr\u00f3leo y Don Fl\u00faor desde las 23:30h<\/li>\n<\/ul>\n<div><\/div>\n<ul>\n<li><strong>Domingo 17 marzo: <\/strong>Los Vinagres y Don Fl\u00faor desde las 23:30h<\/li>\n<\/ul>\n<\/div>\n","protected":false},"excerpt":{"rendered":"<p>Val\u00e8ncia se llenar\u00e1 de m\u00fasica en Fallas. Un sonido que este a\u00f1o vendr\u00e1 tambi\u00e9n de la mano de Mahou, que traer\u00e1 a la ciudad a algunos de los grupos m\u00e1s ecl\u00e9ticos del panorama nacional. Del 15 al 17 de marzo, artistas como Chimo Bayo o Los Vinagres se subir\u00e1n al escenario\u00a0 que ha preparado la [&hellip;]<\/p>\n","protected":false},"author":2,"featured_media":4644,"comment_status":"closed","ping_status":"open","sticky":false,"template":"","format":"standard","meta":[],"categories":[146],"tags":[5742,5744,5743,5740,5741,5745,191],"wppr_data":[],"_links":{"self":[{"href":"https:\/\/www.notaoficial.com\/s\/wp-json\/wp\/v2\/posts\/4642"}],"collection":[{"href":"https:\/\/www.notaoficial.com\/s\/wp-json\/wp\/v2\/posts"}],"about":[{"href":"https:\/\/www.notaoficial.com\/s\/wp-json\/wp\/v2\/types\/post"}],"author":[{"embeddable":true,"href":"https:\/\/www.notaoficial.com\/s\/wp-json\/wp\/v2\/users\/2"}],"replies":[{"embeddable":true,"href":"https:\/\/www.notaoficial.com\/s\/wp-json\/wp\/v2\/comments?post=4642"}],"version-history":[{"count":1,"href":"https:\/\/www.notaoficial.com\/s\/wp-json\/wp\/v2\/posts\/4642\/revisions"}],"predecessor-version":[{"id":4645,"href":"https:\/\/www.notaoficial.com\/s\/wp-json\/wp\/v2\/posts\/4642\/revisions\/4645"}],"wp:featuredmedia":[{"embeddable":true,"href":"https:\/\/www.notaoficial.com\/s\/wp-json\/wp\/v2\/media\/4644"}],"wp:attachment":[{"href":"https:\/\/www.notaoficial.com\/s\/wp-json\/wp\/v2\/media?parent=4642"}],"wp:term":[{"taxonomy":"category","embeddable":true,"href":"https:\/\/www.notaoficial.com\/s\/wp-json\/wp\/v2\/categories?post=4642"},{"taxonomy":"post_tag","embeddable":true,"href":"https:\/\/www.notaoficial.com\/s\/wp-json\/wp\/v2\/tags?post=4642"}],"curies":[{"name":"wp","href":"https:\/\/api.w.org\/{rel}","templated":true}]}}