{"id":4666,"date":"2019-03-01T01:28:16","date_gmt":"2019-03-01T05:28:16","guid":{"rendered":"http:\/\/www.notaoficial.com\/s\/?p=4666"},"modified":"2019-02-28T20:30:58","modified_gmt":"2019-03-01T00:30:58","slug":"centro-cuesta-nacional-presenta-soydominicana-una-mirada-de-optimismo-hacia-la-republica-dominicana","status":"publish","type":"post","link":"https:\/\/www.notaoficial.com\/s\/2019\/03\/01\/centro-cuesta-nacional-presenta-soydominicana-una-mirada-de-optimismo-hacia-la-republica-dominicana\/","title":{"rendered":"Centro Cuesta Nacional presenta #SoyDominicana una mirada de optimismo hacia la Rep\u00fablica Dominicana"},"content":{"rendered":"<p align=\"justify\">#<a href=\"https:\/\/sable.madmimi.com\/c\/28511?id=9772867.11607.1.c94331ffc8dffbb51c65dfd8f8224209\" target=\"_blank\" rel=\"noopener\" data-saferedirecturl=\"https:\/\/www.google.com\/url?q=https:\/\/sable.madmimi.com\/c\/28511?id%3D9772867.11607.1.c94331ffc8dffbb51c65dfd8f8224209&amp;source=gmail&amp;ust=1551485648568000&amp;usg=AFQjCNF89htC1ddNc7lYZU3xnytDmxE3Ow\">SoyDominicana<\/a> reuni\u00f3 a dominicanos talentosos, artistas destacados de diferentes generaciones as\u00ed como de distintos g\u00e9neros musicales, para juntos interpretar la canci\u00f3n \u201c<a href=\"https:\/\/sable.madmimi.com\/c\/28511?id=9772867.11608.1.8202a114f29afd21e25fe70dfc848a9e\" target=\"_blank\" rel=\"noopener\" data-saferedirecturl=\"https:\/\/www.google.com\/url?q=https:\/\/sable.madmimi.com\/c\/28511?id%3D9772867.11608.1.8202a114f29afd21e25fe70dfc848a9e&amp;source=gmail&amp;ust=1551485648568000&amp;usg=AFQjCNHEwjEPntLuSIRPg75quGsUyxg4Hg\">Soy Dominicana<\/a>\u201d de la joven cantautora <strong>Covi Quintana<\/strong>, con un arreglo interpretado por m\u00fasicos que pertenecen a la Orquesta Sinf\u00f3nica Nacional.<\/p>\n<p align=\"justify\">18 artistas dominicanos de diferentes g\u00e9neros y 42 m\u00fasicos que tocan para la Orquesta Sinf\u00f3nica Nacional unieron sus voces e instrumentos en la interpretaci\u00f3n de \u00abSoy Dominicana\u00bb.<\/p>\n<p align=\"justify\">Bajo la direcci\u00f3n musical de <strong>Alex Mansilla<\/strong> y <strong>Allan Leschorn<\/strong>; Covi Quintana se uni\u00f3 a <strong>Johnny Ventura, Pavel N\u00fa\u00f1ez, Techy Fatule, Manny Cruz, Milly Quezada, Jochy Santos, Nashla Bogaert, Fefita La Grande, Diomary \u201cLa Mala\u201d, Eddy Herrera, Raymond Pozo, Miguel C\u00e9spedes, Los Hermanos Rosario, Luz Garc\u00eda, Frank Ceara, Pedro Mart\u00ednez<\/strong> y <strong>Mark B<\/strong> colaboraron en presentar este himno a la Patria, invitando a cada dominicano a mirar con optimismo y orgullo nuestra tierra.<\/p>\n<p align=\"justify\">La producci\u00f3n audiovisual fue dirigida por <strong>Archie L\u00f3pez<\/strong> y el equipo de Panamericana de Producciones.<\/p>\n<p align=\"justify\">Covi Quintana recientemente estren\u00f3 su v\u00eddeo \u00ab<a href=\"https:\/\/sable.madmimi.com\/c\/28511?id=9772867.11609.1.42c68df057a2aab3d001ada837668fa3\" target=\"_blank\" rel=\"noopener\" data-saferedirecturl=\"https:\/\/www.google.com\/url?q=https:\/\/sable.madmimi.com\/c\/28511?id%3D9772867.11609.1.42c68df057a2aab3d001ada837668fa3&amp;source=gmail&amp;ust=1551485648568000&amp;usg=AFQjCNGuenEMFfSRN1H0BEkvPoujh-bdsg\">Yo Lo Vi<\/a>\u00bb el cual ya alcanza la cifra del medio mill\u00f3n de vistas en Youtube.<\/p>\n<p>&nbsp;<\/p>\n","protected":false},"excerpt":{"rendered":"<p>#SoyDominicana reuni\u00f3 a dominicanos talentosos, artistas destacados de diferentes generaciones as\u00ed como de distintos g\u00e9neros musicales, para juntos interpretar la canci\u00f3n \u201cSoy Dominicana\u201d de la joven cantautora Covi Quintana, con un arreglo interpretado por m\u00fasicos que pertenecen a la Orquesta Sinf\u00f3nica Nacional. 18 artistas dominicanos de diferentes g\u00e9neros y 42 m\u00fasicos que tocan para la [&hellip;]<\/p>\n","protected":false},"author":2,"featured_media":4667,"comment_status":"closed","ping_status":"open","sticky":false,"template":"","format":"standard","meta":[],"categories":[146],"tags":[5785,5786,5802,5782,5793,5794,5792,5799,5790,5787,5797,5798,3895,5801,5796,5789,5791,5783,3343,5800,5795,5784,5788],"wppr_data":[],"_links":{"self":[{"href":"https:\/\/www.notaoficial.com\/s\/wp-json\/wp\/v2\/posts\/4666"}],"collection":[{"href":"https:\/\/www.notaoficial.com\/s\/wp-json\/wp\/v2\/posts"}],"about":[{"href":"https:\/\/www.notaoficial.com\/s\/wp-json\/wp\/v2\/types\/post"}],"author":[{"embeddable":true,"href":"https:\/\/www.notaoficial.com\/s\/wp-json\/wp\/v2\/users\/2"}],"replies":[{"embeddable":true,"href":"https:\/\/www.notaoficial.com\/s\/wp-json\/wp\/v2\/comments?post=4666"}],"version-history":[{"count":1,"href":"https:\/\/www.notaoficial.com\/s\/wp-json\/wp\/v2\/posts\/4666\/revisions"}],"predecessor-version":[{"id":4668,"href":"https:\/\/www.notaoficial.com\/s\/wp-json\/wp\/v2\/posts\/4666\/revisions\/4668"}],"wp:featuredmedia":[{"embeddable":true,"href":"https:\/\/www.notaoficial.com\/s\/wp-json\/wp\/v2\/media\/4667"}],"wp:attachment":[{"href":"https:\/\/www.notaoficial.com\/s\/wp-json\/wp\/v2\/media?parent=4666"}],"wp:term":[{"taxonomy":"category","embeddable":true,"href":"https:\/\/www.notaoficial.com\/s\/wp-json\/wp\/v2\/categories?post=4666"},{"taxonomy":"post_tag","embeddable":true,"href":"https:\/\/www.notaoficial.com\/s\/wp-json\/wp\/v2\/tags?post=4666"}],"curies":[{"name":"wp","href":"https:\/\/api.w.org\/{rel}","templated":true}]}}