{"id":4682,"date":"2019-03-02T22:08:25","date_gmt":"2019-03-03T02:08:25","guid":{"rendered":"http:\/\/www.notaoficial.com\/s\/?p=4682"},"modified":"2019-03-02T12:11:02","modified_gmt":"2019-03-02T16:11:02","slug":"listo-para-correr-caracas-42k-preparate-con-avila-burger","status":"publish","type":"post","link":"https:\/\/www.notaoficial.com\/s\/2019\/03\/02\/listo-para-correr-caracas-42k-preparate-con-avila-burger\/","title":{"rendered":"\u00bfListo para correr Caracas 42K? Prep\u00e1rate con \u00c1vila Burger"},"content":{"rendered":"<div>\u00c1vila Burger presenta un conversatorio llamado <strong>Haciendo cumbre para correr Caracas 42K<\/strong>, iniciativa que ser\u00e1 llevada a cabo como antesala a la II edici\u00f3n del Marat\u00f3n Caracas 42K.<\/p>\n<p>Esta charla, dedicada a los #AviRunners, se pasear\u00e1 por las recomendaciones y datos a tener en cuenta al momento de participar en este tipo de competencias, as\u00ed como relatos de las experiencias de los distintos ponentes, con el fin de motivar a los asistentes a lograr la meta.<\/p>\n<p>Para esta ocasi\u00f3n, las ponencias estar\u00e1n a cargo del profesor Eduardo Navas: recomendaciones para correr un marat\u00f3n; Alberto Camardiel: correr un marat\u00f3n desde la perspectiva de un amateur; Ernesto Linzalata: Caracas 42K<a>,<\/a>\u00a0una iniciativa ciudadana; y Ana Petrosini: S<a>oyAnitaFit<\/a>, una historia de constancia.<\/p>\n<p>Para finalizar la jornada se espera una din\u00e1mica de preguntas y respuestas entre ponentes y asistentes. La invitaci\u00f3n para hacer cumbre en este encuentro ser\u00e1 el pr\u00f3ximo s\u00e1bado 9 de marzo a las 9am en la sede de \u00c1vila Burger, Valle Arriba, donde los #AviRunners podr\u00e1n probar sus sabrosas arepas que forman parte del men\u00fa de desayunos, disponibles en las sedes de Maiquet\u00eda y el interior del pa\u00eds.<\/p>\n<p>Todo lo aprendido, se podr\u00e1 poner en pr\u00e1ctica el domingo 17 de marzo, cuando \u00c1vila Burger diga presente en la II edici\u00f3n de Caracas 42K, con un punto de animaci\u00f3n en los kil\u00f3metros 19 y 40, en la avenida Solano frente al Centro Residencial <a>Solano<\/a>\u00a0para apoyar a los 1500 participantes a lo largo de la carrera.<\/p>\n<p>Puedes informarte sobre todas las novedades de \u00c1vila Burger a trav\u00e9s de Instagram como @avilaburger y Twitter como @avila_burger.<\/p><\/div>\n","protected":false},"excerpt":{"rendered":"<p>\u00c1vila Burger presenta un conversatorio llamado Haciendo cumbre para correr Caracas 42K, iniciativa que ser\u00e1 llevada a cabo como antesala a la II edici\u00f3n del Marat\u00f3n Caracas 42K. Esta charla, dedicada a los #AviRunners, se pasear\u00e1 por las recomendaciones y datos a tener en cuenta al momento de participar en este tipo de competencias, as\u00ed [&hellip;]<\/p>\n","protected":false},"author":2,"featured_media":4683,"comment_status":"closed","ping_status":"open","sticky":false,"template":"","format":"standard","meta":[],"categories":[1237,93,2],"tags":[1238,5831,49,5830,5833,5832,578,15],"wppr_data":[],"_links":{"self":[{"href":"https:\/\/www.notaoficial.com\/s\/wp-json\/wp\/v2\/posts\/4682"}],"collection":[{"href":"https:\/\/www.notaoficial.com\/s\/wp-json\/wp\/v2\/posts"}],"about":[{"href":"https:\/\/www.notaoficial.com\/s\/wp-json\/wp\/v2\/types\/post"}],"author":[{"embeddable":true,"href":"https:\/\/www.notaoficial.com\/s\/wp-json\/wp\/v2\/users\/2"}],"replies":[{"embeddable":true,"href":"https:\/\/www.notaoficial.com\/s\/wp-json\/wp\/v2\/comments?post=4682"}],"version-history":[{"count":1,"href":"https:\/\/www.notaoficial.com\/s\/wp-json\/wp\/v2\/posts\/4682\/revisions"}],"predecessor-version":[{"id":4684,"href":"https:\/\/www.notaoficial.com\/s\/wp-json\/wp\/v2\/posts\/4682\/revisions\/4684"}],"wp:featuredmedia":[{"embeddable":true,"href":"https:\/\/www.notaoficial.com\/s\/wp-json\/wp\/v2\/media\/4683"}],"wp:attachment":[{"href":"https:\/\/www.notaoficial.com\/s\/wp-json\/wp\/v2\/media?parent=4682"}],"wp:term":[{"taxonomy":"category","embeddable":true,"href":"https:\/\/www.notaoficial.com\/s\/wp-json\/wp\/v2\/categories?post=4682"},{"taxonomy":"post_tag","embeddable":true,"href":"https:\/\/www.notaoficial.com\/s\/wp-json\/wp\/v2\/tags?post=4682"}],"curies":[{"name":"wp","href":"https:\/\/api.w.org\/{rel}","templated":true}]}}