{"id":4732,"date":"2019-03-07T09:27:03","date_gmt":"2019-03-07T13:27:03","guid":{"rendered":"http:\/\/www.notaoficial.com\/s\/?p=4732"},"modified":"2019-03-07T09:27:03","modified_gmt":"2019-03-07T13:27:03","slug":"concierto-benefico-para-asociacion-de-ninos-prematuros-apremde","status":"publish","type":"post","link":"https:\/\/www.notaoficial.com\/s\/2019\/03\/07\/concierto-benefico-para-asociacion-de-ninos-prematuros-apremde\/","title":{"rendered":"Concierto ben\u00e9fico para asociaci\u00f3n de ni\u00f1os prematuros APREMDE"},"content":{"rendered":"<p><a class=\"m_3808453364396277912profileLink\" href=\"http:\/\/anewlabel.mailrelay-iv.es\/newslink\/122191\/139.html?0=%7B0%7D\" target=\"_blank\" rel=\"noopener\" data-saferedirecturl=\"https:\/\/www.google.com\/url?q=http:\/\/anewlabel.mailrelay-iv.es\/newslink\/122191\/139.html?0%3D%257B0%257D&amp;source=gmail&amp;ust=1552051448874000&amp;usg=AFQjCNHhlKc2lIcpJQwaYvtliRDEXfYTOw\">Asociaci\u00f3n de prematuros de Toledo &#8211; Apremde Toledo<\/a><\/p>\n<p>16 DE MARZO DE 2019 &#8211; <a class=\"m_3808453364396277912profileLink\" href=\"http:\/\/anewlabel.mailrelay-iv.es\/newslink\/122191\/140.html?0=%7B0%7D\" target=\"_blank\" rel=\"noopener\" data-saferedirecturl=\"https:\/\/www.google.com\/url?q=http:\/\/anewlabel.mailrelay-iv.es\/newslink\/122191\/140.html?0%3D%257B0%257D&amp;source=gmail&amp;ust=1552051448874000&amp;usg=AFQjCNHniI2v0dFl8S4FnPMvTM0ac7w3KQ\">Matadero LAB<\/a> (TOLEDO)<\/p>\n<p><a class=\"m_3808453364396277912profileLink\" href=\"http:\/\/anewlabel.mailrelay-iv.es\/newslink\/122191\/141.html?0=%7B0%7D\" target=\"_blank\" rel=\"noopener\" data-saferedirecturl=\"https:\/\/www.google.com\/url?q=http:\/\/anewlabel.mailrelay-iv.es\/newslink\/122191\/141.html?0%3D%257B0%257D&amp;source=gmail&amp;ust=1552051448874000&amp;usg=AFQjCNEOWXskYlzbUpYL93GuMQMMmNx74w\">Castilla Oficial<\/a> &#8211; Toledo<\/p>\n<p><a href=\"http:\/\/anewlabel.mailrelay-iv.es\/newslink\/122191\/142.html\" target=\"_blank\" rel=\"noopener\" data-saferedirecturl=\"https:\/\/www.google.com\/url?q=http:\/\/anewlabel.mailrelay-iv.es\/newslink\/122191\/142.html&amp;source=gmail&amp;ust=1552051448874000&amp;usg=AFQjCNHm449AhJl3qaWOhcDOE8qFifL-Pw\"><span class=\"m_3808453364396277912text_exposed_show\">20 Centilitros<\/span><\/a> -Toledo &#8211; MADRID<\/p>\n<p><a class=\"m_3808453364396277912profileLink\" href=\"http:\/\/anewlabel.mailrelay-iv.es\/newslink\/122191\/143.html?0=%7B0%7D\" target=\"_blank\" rel=\"noopener\" data-saferedirecturl=\"https:\/\/www.google.com\/url?q=http:\/\/anewlabel.mailrelay-iv.es\/newslink\/122191\/143.html?0%3D%257B0%257D&amp;source=gmail&amp;ust=1552051448874000&amp;usg=AFQjCNF1PS_vd8YynUtbdJ7mHZV_6UgPqw\">Unnamed<\/a> -Toledo<\/p>\n<p>Una vez m\u00e1s, el rock es el mejor aliado para seguir ayudando a que se visibilice estos problemas que los m\u00e1s peque\u00f1itos sufren al nacer; con nuestro granito de arena podemos ayudar a que esta asociaci\u00f3n pueda emprender ayudas a los ni\u00f1os y familiares que les toca pasar por estos dif\u00edciles casos. Ser\u00e1 un s\u00e1bado muy especial ya que empezaremos bien temprano con muchas actividades l\u00fadicas para pasarlo en familia , tendremos para los ni\u00f1os , pinta caras.<\/p>\n<p>Estar\u00e1n representantes de los pintores de la plaza mayor de Madrid realizando caricaturas , globos , exhibici\u00f3n de artes marciales \u201cAtomic Thai Team\u201d de la disciplina ( Muay Thai ), merchandising solidario y por supuesto m\u00fasica en vivo su majestad el rock y metal que estar\u00e1 a cargo de 3 ejemplares bandas de muy buen coraz\u00f3n que vienen a dejarlo todo por los peque\u00f1ines Todo este gran concierto estar\u00e1 presentado por el maestro <a href=\"http:\/\/anewlabel.mailrelay-iv.es\/newslink\/122191\/144.html\" target=\"_blank\" rel=\"noopener\" data-saferedirecturl=\"https:\/\/www.google.com\/url?q=http:\/\/anewlabel.mailrelay-iv.es\/newslink\/122191\/144.html&amp;source=gmail&amp;ust=1552051448874000&amp;usg=AFQjCNEHgp7VYJ2WVY2HW0jzR8NfOCupDQ\">ELROS ALCARIN <\/a>prestigioso locutor del programa \u201c La puerta de la noche\u201d.<br \/>\nINFORMACI\u00d3N DETALLADA EN EL EVENTO DE FACEBOOK<\/p>\n<p>Entrada : 5 \u20ac<\/p>\n<p>Menores de 16 a\u00f1os entran gratis. Ya puedes conseguir tus entradas anticipadas escribiendo un mensaje a las bandas o a la organizaci\u00f3n <a class=\"m_3808453364396277912profileLink\" href=\"http:\/\/anewlabel.mailrelay-iv.es\/newslink\/122191\/145.html?0=%7B0%7D\" target=\"_blank\" rel=\"noopener\" data-saferedirecturl=\"https:\/\/www.google.com\/url?q=http:\/\/anewlabel.mailrelay-iv.es\/newslink\/122191\/145.html?0%3D%257B0%257D&amp;source=gmail&amp;ust=1552051448874000&amp;usg=AFQjCNF0Cg91POscNJviX5_Zo8lCHbjDtw\">ZONA DEL METAL<\/a> .<\/p>\n<p class=\"m_3808453364396277912Standard\">Castilla es una banda de folk metal, fundida con el breel y la m\u00fasica celta medieval. Originarios de Illescas (Toledo) nos deslumbraron el 2018 con el disco \u00abEl Juglar\u00bb, primera entrega de su novela musical \u00abEl Acorde del Alma\u00bb, con todo un tomazo tour donde sorprendieron con su arrollador directo, donde nos llevan a mundos de ilusi\u00f3n y fantas\u00eda, y lo m\u00e1s importante no nos dejan parar de bailar. No dejes pasar la ocasi\u00f3n de conocer a los juglares del siglo XXI.<\/p>\n","protected":false},"excerpt":{"rendered":"<p>Asociaci\u00f3n de prematuros de Toledo &#8211; Apremde Toledo 16 DE MARZO DE 2019 &#8211; Matadero LAB (TOLEDO) Castilla Oficial &#8211; Toledo 20 Centilitros -Toledo &#8211; MADRID Unnamed -Toledo Una vez m\u00e1s, el rock es el mejor aliado para seguir ayudando a que se visibilice estos problemas que los m\u00e1s peque\u00f1itos sufren al nacer; con nuestro [&hellip;]<\/p>\n","protected":false},"author":2,"featured_media":4733,"comment_status":"closed","ping_status":"open","sticky":false,"template":"","format":"standard","meta":[],"categories":[146],"tags":[5907,5905,1573,5906,1204,2379,1578],"wppr_data":[],"_links":{"self":[{"href":"https:\/\/www.notaoficial.com\/s\/wp-json\/wp\/v2\/posts\/4732"}],"collection":[{"href":"https:\/\/www.notaoficial.com\/s\/wp-json\/wp\/v2\/posts"}],"about":[{"href":"https:\/\/www.notaoficial.com\/s\/wp-json\/wp\/v2\/types\/post"}],"author":[{"embeddable":true,"href":"https:\/\/www.notaoficial.com\/s\/wp-json\/wp\/v2\/users\/2"}],"replies":[{"embeddable":true,"href":"https:\/\/www.notaoficial.com\/s\/wp-json\/wp\/v2\/comments?post=4732"}],"version-history":[{"count":1,"href":"https:\/\/www.notaoficial.com\/s\/wp-json\/wp\/v2\/posts\/4732\/revisions"}],"predecessor-version":[{"id":4734,"href":"https:\/\/www.notaoficial.com\/s\/wp-json\/wp\/v2\/posts\/4732\/revisions\/4734"}],"wp:featuredmedia":[{"embeddable":true,"href":"https:\/\/www.notaoficial.com\/s\/wp-json\/wp\/v2\/media\/4733"}],"wp:attachment":[{"href":"https:\/\/www.notaoficial.com\/s\/wp-json\/wp\/v2\/media?parent=4732"}],"wp:term":[{"taxonomy":"category","embeddable":true,"href":"https:\/\/www.notaoficial.com\/s\/wp-json\/wp\/v2\/categories?post=4732"},{"taxonomy":"post_tag","embeddable":true,"href":"https:\/\/www.notaoficial.com\/s\/wp-json\/wp\/v2\/tags?post=4732"}],"curies":[{"name":"wp","href":"https:\/\/api.w.org\/{rel}","templated":true}]}}