{"id":4759,"date":"2019-03-19T04:01:19","date_gmt":"2019-03-19T08:01:19","guid":{"rendered":"http:\/\/www.notaoficial.com\/s\/?p=4759"},"modified":"2019-03-19T01:02:59","modified_gmt":"2019-03-19T05:02:59","slug":"buenas-noticias-publica-hoy-no-se-acaba-el-mundo-el-22-02","status":"publish","type":"post","link":"https:\/\/www.notaoficial.com\/s\/2019\/03\/19\/buenas-noticias-publica-hoy-no-se-acaba-el-mundo-el-22-02\/","title":{"rendered":"BUENAS NOTICIAS publica \u00abHoy no se acaba el mundo\u00bb el 22\/02"},"content":{"rendered":"<p align=\"justify\"><span lang=\"ES-TRAD\">El nuevo trabajo de <b>Buenas noticias<\/b> (<b>Hoy no se acaba el mundo<\/b> \u2013 Maldito Digital 2019) viene presentado por <b>\u00abCadenas\u00bb<\/b>, un single de rock con cr\u00edtica y un creativo videoclip. La elecci\u00f3n del single es valiente, un corte de 5 minutos con cambio de tercio r\u00edtmico que escupe verdades inc\u00f3modas.<\/span><\/p>\n<p align=\"justify\"><span lang=\"ES-TRAD\">Con dos discos publicados, acaban de registrar sus canciones en los estudios <b>Grabaciones Sumergidas <\/b>del Puerto de Santa Mar\u00eda a las \u00f3rdenes de Juan Antonio Mateos.<\/span><\/p>\n<p align=\"justify\"><span lang=\"ES-TRAD\">En la escucha del resto de temas, est\u00e1 claro que estamos ante un disco serio en cuanto a forma y contenido. Las letras siempre han sido la mejor baza de la banda, con un cuidado especial en no ahondar en lugares comunes y decir las cosas de forma inteligente e imaginativa. Los mensajes est\u00e1n claros; cortes como <b>\u00abNada estaba hecho\u00bb<\/b> arengan a seguir en la brecha, <b>\u00abEl tiempo\u00bb<\/b> repasa el valor de la camarader\u00eda, <b>\u00abSombra\u00bb<\/b>, m\u00e1s introspectiva, nos sumerge en un mundo entre lo \u00e9pico y lo mundano para caminar por situaciones \u00e1ridas. Por otro lado, <b>\u00abDe cuando me cre\u00eda\u00bb<\/b>, una canci\u00f3n creada a partir de un poema de Alfredo Ramiro que nunca alcanz\u00f3 su destino original, nos somete a un universo de sonidos que aparecen como distintas habitaciones a las que se abren y se cierran las puertas en una casa. Y as\u00ed, hasta acabar los 10 temas que nos ofrecen.<\/span><\/p>\n<p align=\"justify\"><span lang=\"ES-TRAD\">La banda malague\u00f1a est\u00e1 formada por <b>Ricardo Checa<\/b> (bajo) y <b>Alfredo Ramiro<\/b> (guitarra y voz), y acaba de sumar a <b>Jos\u00e9 Mar\u00eda S\u00e1nchez<\/b> \u201cEl Profe\u201d a la guitarra y a <b>Juanfran Araujo<\/b> a la bater\u00eda, dos musicazos de la escena malague\u00f1a.<\/span><\/p>\n","protected":false},"excerpt":{"rendered":"<p>El nuevo trabajo de Buenas noticias (Hoy no se acaba el mundo \u2013 Maldito Digital 2019) viene presentado por \u00abCadenas\u00bb, un single de rock con cr\u00edtica y un creativo videoclip. La elecci\u00f3n del single es valiente, un corte de 5 minutos con cambio de tercio r\u00edtmico que escupe verdades inc\u00f3modas. Con dos discos publicados, acaban [&hellip;]<\/p>\n","protected":false},"author":2,"featured_media":4760,"comment_status":"closed","ping_status":"open","sticky":false,"template":"","format":"standard","meta":[],"categories":[146],"tags":[5944,5940,5942,5941,5945,5946,3830,5943],"wppr_data":[],"_links":{"self":[{"href":"https:\/\/www.notaoficial.com\/s\/wp-json\/wp\/v2\/posts\/4759"}],"collection":[{"href":"https:\/\/www.notaoficial.com\/s\/wp-json\/wp\/v2\/posts"}],"about":[{"href":"https:\/\/www.notaoficial.com\/s\/wp-json\/wp\/v2\/types\/post"}],"author":[{"embeddable":true,"href":"https:\/\/www.notaoficial.com\/s\/wp-json\/wp\/v2\/users\/2"}],"replies":[{"embeddable":true,"href":"https:\/\/www.notaoficial.com\/s\/wp-json\/wp\/v2\/comments?post=4759"}],"version-history":[{"count":1,"href":"https:\/\/www.notaoficial.com\/s\/wp-json\/wp\/v2\/posts\/4759\/revisions"}],"predecessor-version":[{"id":4761,"href":"https:\/\/www.notaoficial.com\/s\/wp-json\/wp\/v2\/posts\/4759\/revisions\/4761"}],"wp:featuredmedia":[{"embeddable":true,"href":"https:\/\/www.notaoficial.com\/s\/wp-json\/wp\/v2\/media\/4760"}],"wp:attachment":[{"href":"https:\/\/www.notaoficial.com\/s\/wp-json\/wp\/v2\/media?parent=4759"}],"wp:term":[{"taxonomy":"category","embeddable":true,"href":"https:\/\/www.notaoficial.com\/s\/wp-json\/wp\/v2\/categories?post=4759"},{"taxonomy":"post_tag","embeddable":true,"href":"https:\/\/www.notaoficial.com\/s\/wp-json\/wp\/v2\/tags?post=4759"}],"curies":[{"name":"wp","href":"https:\/\/api.w.org\/{rel}","templated":true}]}}