{"id":4781,"date":"2019-03-21T09:39:55","date_gmt":"2019-03-21T13:39:55","guid":{"rendered":"http:\/\/www.notaoficial.com\/s\/?p=4781"},"modified":"2019-03-21T09:39:55","modified_gmt":"2019-03-21T13:39:55","slug":"ayudar-es-sencillo-promueve-la-capacitacion-en-oficios-en-valencia","status":"publish","type":"post","link":"https:\/\/www.notaoficial.com\/s\/2019\/03\/21\/ayudar-es-sencillo-promueve-la-capacitacion-en-oficios-en-valencia\/","title":{"rendered":"Ayudar Es Sencillo promueve la capacitaci\u00f3n en oficios en Valencia"},"content":{"rendered":"<p>Con el prop\u00f3sito de fomentar bienestar en las comunidades menos favorecidas, EPA inici\u00f3 un nuevo cuatrimestre de recaudaci\u00f3n (marzo \u2013 junio 2019) de Ayudar Es Sencillo, un programa de acci\u00f3n social a trav\u00e9s del cual los clientes pueden realizar aportes voluntarios al momento de cancelar sus compras.<\/p>\n<p>Para este per\u00edodo, la contribuci\u00f3n de los compradores de la red de tiendas EPA ubicadas en la avenida Michelena, Centro Comercial La Granja, y San Diego, del estado Carabobo, ser\u00e1 destinada al Centro de Formaci\u00f3n Profesional Jes\u00fas Obrero, perteneciente al Instituto Venezolano de Capacitaci\u00f3n Profesional de la Iglesia (Invecapi), que desde hace m\u00e1s de 30 a\u00f1os forma a j\u00f3venes y adultos para el trabajo, de acuerdo con los requerimientos del sector empleador, seg\u00fan las mejores pr\u00e1cticas y dentro de los valores humano-cristianos; a fin de proporcionar a los egresados una profesi\u00f3n digna que les permita mejorar su nivel de vida y el de sus familias.<\/p>\n<p>Esta instituci\u00f3n, present\u00f3 a EPA un proyecto para capacitar en oficios como herrer\u00eda, mec\u00e1nica automotriz, computaci\u00f3n y reparaci\u00f3n de electrodom\u00e9sticos a un total de 70 participantes, en cuatro cursos con una duraci\u00f3n promedio de 340 horas.<\/p>\n<p>Una vez recaudado el monto EPA asegura el cumplimiento de las obras y proyectos inscritos en el programa, al tiempo que desarrolla acciones de consultor\u00eda, seguimiento y monitoreo de los planes, apoyando a las organizaciones beneficiarias en la elaboraci\u00f3n de la rendici\u00f3n de cuentas. Esta fase garantiza la transparencia en el uso de los aportes y permite cuantificar el impacto de cada uno de los proyectos en las comunidades donde se realizan.<\/p>\n","protected":false},"excerpt":{"rendered":"<p>Con el prop\u00f3sito de fomentar bienestar en las comunidades menos favorecidas, EPA inici\u00f3 un nuevo cuatrimestre de recaudaci\u00f3n (marzo \u2013 junio 2019) de Ayudar Es Sencillo, un programa de acci\u00f3n social a trav\u00e9s del cual los clientes pueden realizar aportes voluntarios al momento de cancelar sus compras. Para este per\u00edodo, la contribuci\u00f3n de los compradores [&hellip;]<\/p>\n","protected":false},"author":2,"featured_media":4782,"comment_status":"closed","ping_status":"open","sticky":false,"template":"","format":"standard","meta":[],"categories":[93,94,2],"tags":[324,269,5955,1438],"wppr_data":[],"_links":{"self":[{"href":"https:\/\/www.notaoficial.com\/s\/wp-json\/wp\/v2\/posts\/4781"}],"collection":[{"href":"https:\/\/www.notaoficial.com\/s\/wp-json\/wp\/v2\/posts"}],"about":[{"href":"https:\/\/www.notaoficial.com\/s\/wp-json\/wp\/v2\/types\/post"}],"author":[{"embeddable":true,"href":"https:\/\/www.notaoficial.com\/s\/wp-json\/wp\/v2\/users\/2"}],"replies":[{"embeddable":true,"href":"https:\/\/www.notaoficial.com\/s\/wp-json\/wp\/v2\/comments?post=4781"}],"version-history":[{"count":1,"href":"https:\/\/www.notaoficial.com\/s\/wp-json\/wp\/v2\/posts\/4781\/revisions"}],"predecessor-version":[{"id":4783,"href":"https:\/\/www.notaoficial.com\/s\/wp-json\/wp\/v2\/posts\/4781\/revisions\/4783"}],"wp:featuredmedia":[{"embeddable":true,"href":"https:\/\/www.notaoficial.com\/s\/wp-json\/wp\/v2\/media\/4782"}],"wp:attachment":[{"href":"https:\/\/www.notaoficial.com\/s\/wp-json\/wp\/v2\/media?parent=4781"}],"wp:term":[{"taxonomy":"category","embeddable":true,"href":"https:\/\/www.notaoficial.com\/s\/wp-json\/wp\/v2\/categories?post=4781"},{"taxonomy":"post_tag","embeddable":true,"href":"https:\/\/www.notaoficial.com\/s\/wp-json\/wp\/v2\/tags?post=4781"}],"curies":[{"name":"wp","href":"https:\/\/api.w.org\/{rel}","templated":true}]}}