{"id":4787,"date":"2019-03-21T14:42:47","date_gmt":"2019-03-21T18:42:47","guid":{"rendered":"http:\/\/www.notaoficial.com\/s\/?p=4787"},"modified":"2019-03-21T09:44:45","modified_gmt":"2019-03-21T13:44:45","slug":"milly-quezada-recibe-premio-ascap-mientras-prepara-su-album-34","status":"publish","type":"post","link":"https:\/\/www.notaoficial.com\/s\/2019\/03\/21\/milly-quezada-recibe-premio-ascap-mientras-prepara-su-album-34\/","title":{"rendered":"Milly Quezada recibe premio ASCAP mientras prepara su \u00e1lbum #34"},"content":{"rendered":"<p align=\"justify\"><strong>La Reina del Merengue, Milly Quezada,<\/strong> recibi\u00f3 el premio Latin Heritage Award que entrega cada a\u00f1o la Sociedad Americana de Compositores, Autores y Editoras (ASCAP por sus siglas en ingl\u00e9s), mientras se encuentra trabajando en lanzar su producci\u00f3n #34 en sus m\u00e1s de 40 a\u00f1os de trayectoria musical.<\/p>\n<p align=\"justify\">\u201cFeliz, regocijada y agradecida con Dios, con ASCAP, con la industria y sobretodo con los fans que me han apoyado desde mis inicios con mi hermana Joselyn y los Vecinos\u201d expres\u00f3 emocionada la artista dominicana que ha sido premiada en cuatro ocasiones a los Latin GRAMMY.<\/p>\n<p align=\"justify\">El Latin Heritage Award entregado por ASCAP lo han recibido en a\u00f1os pasados figuras como <strong>Alejandro Sanz, Ricardo Arjona, Celia Cruz, Franco De Vita, Ricardo Montaner,<\/strong> entre otros.<\/p>\n<p align=\"justify\">El nuevo \u00e1lbum, del que ya se conocen los temas \u201cDe Colores\u201d junto a <strong>Ilegales<\/strong> y \u201cRutina\u201d con <strong>Gilberto Santa Rosa<\/strong>, llevar\u00e1 por titulo \u00abMilly &amp; Cia.\u00bb donde estar\u00e1 lleno de colaboraciones con artistas como <strong>H\u00e9ctor Acosta \u00abEl Torito\u00bb<\/strong>, <strong>Pavel N\u00fa\u00f1ez<\/strong>, entre otros y se distribuir\u00e1 mundialmente por <strong>La Oreja Media Group<\/strong>.<\/p>\n<p align=\"justify\">Milly este a\u00f1o est\u00e1 nominada a los Premios Soberano de la Rep\u00fablica Dominicana como \u201cMejor Colaboraci\u00f3n\u201d por su tema \u201cDe Colores\u201d junto a Ilegales, que tambi\u00e9n alcanz\u00f3 con el visual de este tema una nominaci\u00f3n para los premios Video Clip Awards.<\/p>\n<p>&nbsp;<\/p>\n","protected":false},"excerpt":{"rendered":"<p>La Reina del Merengue, Milly Quezada, recibi\u00f3 el premio Latin Heritage Award que entrega cada a\u00f1o la Sociedad Americana de Compositores, Autores y Editoras (ASCAP por sus siglas en ingl\u00e9s), mientras se encuentra trabajando en lanzar su producci\u00f3n #34 en sus m\u00e1s de 40 a\u00f1os de trayectoria musical. \u201cFeliz, regocijada y agradecida con Dios, con [&hellip;]<\/p>\n","protected":false},"author":2,"featured_media":4789,"comment_status":"closed","ping_status":"open","sticky":false,"template":"","format":"standard","meta":[],"categories":[146],"tags":[2069,2702,640,5862,2089,5964,5961,5789,3343,5962,5963],"wppr_data":[],"_links":{"self":[{"href":"https:\/\/www.notaoficial.com\/s\/wp-json\/wp\/v2\/posts\/4787"}],"collection":[{"href":"https:\/\/www.notaoficial.com\/s\/wp-json\/wp\/v2\/posts"}],"about":[{"href":"https:\/\/www.notaoficial.com\/s\/wp-json\/wp\/v2\/types\/post"}],"author":[{"embeddable":true,"href":"https:\/\/www.notaoficial.com\/s\/wp-json\/wp\/v2\/users\/2"}],"replies":[{"embeddable":true,"href":"https:\/\/www.notaoficial.com\/s\/wp-json\/wp\/v2\/comments?post=4787"}],"version-history":[{"count":1,"href":"https:\/\/www.notaoficial.com\/s\/wp-json\/wp\/v2\/posts\/4787\/revisions"}],"predecessor-version":[{"id":4788,"href":"https:\/\/www.notaoficial.com\/s\/wp-json\/wp\/v2\/posts\/4787\/revisions\/4788"}],"wp:featuredmedia":[{"embeddable":true,"href":"https:\/\/www.notaoficial.com\/s\/wp-json\/wp\/v2\/media\/4789"}],"wp:attachment":[{"href":"https:\/\/www.notaoficial.com\/s\/wp-json\/wp\/v2\/media?parent=4787"}],"wp:term":[{"taxonomy":"category","embeddable":true,"href":"https:\/\/www.notaoficial.com\/s\/wp-json\/wp\/v2\/categories?post=4787"},{"taxonomy":"post_tag","embeddable":true,"href":"https:\/\/www.notaoficial.com\/s\/wp-json\/wp\/v2\/tags?post=4787"}],"curies":[{"name":"wp","href":"https:\/\/api.w.org\/{rel}","templated":true}]}}