{"id":4847,"date":"2019-04-02T11:10:37","date_gmt":"2019-04-02T15:10:37","guid":{"rendered":"http:\/\/www.notaoficial.com\/s\/?p=4847"},"modified":"2019-04-02T08:12:42","modified_gmt":"2019-04-02T12:12:42","slug":"dayan-se-luce-en-su-paso-por-mexico","status":"publish","type":"post","link":"https:\/\/www.notaoficial.com\/s\/2019\/04\/02\/dayan-se-luce-en-su-paso-por-mexico\/","title":{"rendered":"Dayan se luce en su paso por M\u00e9xico"},"content":{"rendered":"<p><strong> Dayan sigue trabajando fuertemente en la consolidaci\u00f3n de su carrera en el mercado musical internacional.<\/strong> Despu\u00e9s de haber contado con una buena receptividad de su tema \u201cNi\u00f1o cool\u201d, tercer \u201ccap\u00edtulo\u201d (promocional) de su disco \u201cEmociones\u201d, <strong>la cantautora venezolana se dispuso a cumplir con una serie de compromisos en Colombia y M\u00e9xico.<\/strong><\/p>\n<p>Dayan aprovech\u00f3 la visita a Colombia no s\u00f3lo para conocer un poco el mundo del espect\u00e1culo all\u00e1, sino para preparar grandes sorpresas de su trabajo. \u201cEstuve preparando mi show en vivo; Tom\u00e9 clases de baile; Dise\u00f1amos el vestuario del show y tambi\u00e9n creamos la escenograf\u00eda. Me disfruto bastante esta parte de mi parte de mi trabajo. \u00a1Aprender y crear!\u201d, expresa la cantante.<\/p>\n<p>Del vecino pa\u00eds, <strong>la cantautor salt\u00f3 a M\u00e9xico, donde cumple con una serie de compromisos que le van a sumar mucho a su carrera.<\/strong> \u201cEn M\u00e9xico he estado de gira de medios, alfombras rojas, reuniones y hasta convivencia con mis seguidores de la CDMX\u201d, cuenta. \u201c<strong>Estar en las alfombras y eventos de Premios Eres, Cosmopolitan y Vanidades ha sido una experiencia s\u00faper divertida.<\/strong> Tuve la oportunidad de conocer gente nueva y tambi\u00e9n de reencontrarme con varios compa\u00f1eros<strong>. Estoy s\u00faper agradecida por el recibimiento y cari\u00f1o de todos los medios mexicanos<\/strong>\u201d, complementa.<\/p>\n<p>Sin embargo, su paso por el pa\u00eds azteca a\u00fan no finaliza, pues <strong>el pr\u00f3ximo 27 de abril regresa para presentarse junto al colombiano RK en el \u201cLunario de M\u00e9xico\u201d:<\/strong> \u201cEstar\u00e9 de invitada en el concierto de RK cantando \u201cMonoton\u00eda\u201d junto a \u00e9l. Es algo que me tiene muy entusiasmada porque no ser\u00e9 la \u00fanica invitada del show, esa noche estar\u00e1 repleta de grandes artistas\u201d, asegura Dayan.<\/p>\n<p>Aunque la meta actual de la cantante es conquistar el mercado musical internacional, <strong>Venezuela no puede estar fuera de sus planes. Es por ello que, tras finalizar sus compromisos en el exterior, regresar\u00e1 a nuestro pa\u00eds para reencontrarse con los medios y fan\u00e1ticos.<\/strong> \u201cQuiero encontrarme con el club de fans de Venezuela. \u00a1Nos extra\u00f1amos mucho!. Tambi\u00e9n visitar\u00e9 varios medios de comunicaci\u00f3n del pa\u00eds, concretar\u00e9 varios shows pendientes, y obviamente me reencontrar\u00e9 con mis familiares\u201d, cuenta.<\/p>\n<p><strong>Para conocer cada paso de Dayan, no duden en seguirla en sus redes sociales como @dayanpop.<\/strong><\/p>\n","protected":false},"excerpt":{"rendered":"<p>Dayan sigue trabajando fuertemente en la consolidaci\u00f3n de su carrera en el mercado musical internacional. Despu\u00e9s de haber contado con una buena receptividad de su tema \u201cNi\u00f1o cool\u201d, tercer \u201ccap\u00edtulo\u201d (promocional) de su disco \u201cEmociones\u201d, la cantautora venezolana se dispuso a cumplir con una serie de compromisos en Colombia y M\u00e9xico. Dayan aprovech\u00f3 la visita [&hellip;]<\/p>\n","protected":false},"author":2,"featured_media":4848,"comment_status":"closed","ping_status":"open","sticky":false,"template":"","format":"standard","meta":[],"categories":[146],"tags":[4223,6001,199,6002,6004,6003],"wppr_data":[],"_links":{"self":[{"href":"https:\/\/www.notaoficial.com\/s\/wp-json\/wp\/v2\/posts\/4847"}],"collection":[{"href":"https:\/\/www.notaoficial.com\/s\/wp-json\/wp\/v2\/posts"}],"about":[{"href":"https:\/\/www.notaoficial.com\/s\/wp-json\/wp\/v2\/types\/post"}],"author":[{"embeddable":true,"href":"https:\/\/www.notaoficial.com\/s\/wp-json\/wp\/v2\/users\/2"}],"replies":[{"embeddable":true,"href":"https:\/\/www.notaoficial.com\/s\/wp-json\/wp\/v2\/comments?post=4847"}],"version-history":[{"count":1,"href":"https:\/\/www.notaoficial.com\/s\/wp-json\/wp\/v2\/posts\/4847\/revisions"}],"predecessor-version":[{"id":4849,"href":"https:\/\/www.notaoficial.com\/s\/wp-json\/wp\/v2\/posts\/4847\/revisions\/4849"}],"wp:featuredmedia":[{"embeddable":true,"href":"https:\/\/www.notaoficial.com\/s\/wp-json\/wp\/v2\/media\/4848"}],"wp:attachment":[{"href":"https:\/\/www.notaoficial.com\/s\/wp-json\/wp\/v2\/media?parent=4847"}],"wp:term":[{"taxonomy":"category","embeddable":true,"href":"https:\/\/www.notaoficial.com\/s\/wp-json\/wp\/v2\/categories?post=4847"},{"taxonomy":"post_tag","embeddable":true,"href":"https:\/\/www.notaoficial.com\/s\/wp-json\/wp\/v2\/tags?post=4847"}],"curies":[{"name":"wp","href":"https:\/\/api.w.org\/{rel}","templated":true}]}}